{"id":61164,"date":"2019-11-06T07:50:07","date_gmt":"2019-11-06T10:50:07","guid":{"rendered":"http:\/\/vinasfm.com\/noticias\/?p=61164"},"modified":"2019-11-06T08:15:45","modified_gmt":"2019-11-06T11:15:45","slug":"el-cluster-de-la-ciruela-busca-dar-salida-a-la-ciruela-dagen","status":"publish","type":"post","link":"https:\/\/vinasfm.com\/noticias\/el-cluster-de-la-ciruela-busca-dar-salida-a-la-ciruela-dagen\/","title":{"rendered":"EL CL\u00daSTER CIRUELERO BUSCA DAR SALIDA A LA CIRUELA D&#8217;AGEN"},"content":{"rendered":"<h4><strong>Se llev\u00f3 a cabo otra reuni\u00f3n del cl\u00faster de la ciruela con el fin de dar salida a la ciruela D\u2019Agen para la realizaci\u00f3n de productos a base de esta fruta.<\/strong><\/h4>\n<p>Dado que las ciruelas pasas llevaban el sello con el nombre del puerto de embarque de origen, se las conoc\u00eda bajo la denominaci\u00f3n de Ciruelas pasas de Agen: \u201c<em><strong>En la zona nuestra es muy importante la ciruela D\u2019agen<\/strong>. <strong>Tenemos una muy buena calidad de ciruela en la zona<\/strong>. La temporada esta complicada por las heladas y\u00a0 hay muy poca cantidad, aproximadamente un 40% de 1 a\u00f1o pero no var\u00edan los precios por esto, solo puede mejorar debido al precio del d\u00f3lar que hay hoy en d\u00eda<\/em>\u201d coment\u00f3 <strong>Fabi\u00e1n Alonso<\/strong>, <strong>Presidente de la Especifica de Agricultura<\/strong>.<\/p>\n<p><strong>-\u00bfQu\u00e9 le falta al sector peque\u00f1o para tener el impulso que necesita?<\/strong><\/p>\n<p><em>\u201c<strong>Hace falta tecnificaci\u00f3n porque los rendimientos que tenemos son muy bajos<\/strong>. Tambi\u00e9n <strong>se ven afectados por las inclemencias clim\u00e1ticas<\/strong> aunque con algo podes paliarlo como la tela anti granizo, sistemas de riego por aspersi\u00f3n para defensa de heladas. <strong>Contra la naturaleza el 100% de los productores no puede luchar<\/strong>. El <strong>fondo de transformaci\u00f3n y crecimiento<\/strong> es una herramienta muy buena pero no todos los productores est\u00e1n al alcance de conseguirlo por un tema de papeles\u201d, <\/em>manifest\u00f3 Alonso.<\/p>\n<h5><em>R.B. (F.M. Vi\u00f1as).<\/em><\/h5>\n","protected":false},"excerpt":{"rendered":"<p>Se llev\u00f3 a cabo otra reuni\u00f3n del cl\u00faster de la ciruela con el fin de dar salida a la ciruela D\u2019Agen &#8230;<\/p>\n","protected":false},"author":8,"featured_media":60835,"comment_status":"open","ping_status":"open","sticky":false,"template":"","format":"standard","meta":{"footnotes":""},"categories":[5,14],"tags":[],"class_list":["post-61164","post","type-post","status-publish","format-standard","has-post-thumbnail","hentry","category-actualidad","category-agro"],"_links":{"self":[{"href":"https:\/\/vinasfm.com\/noticias\/wp-json\/wp\/v2\/posts\/61164","targetHints":{"allow":["GET"]}}],"collection":[{"href":"https:\/\/vinasfm.com\/noticias\/wp-json\/wp\/v2\/posts"}],"about":[{"href":"https:\/\/vinasfm.com\/noticias\/wp-json\/wp\/v2\/types\/post"}],"author":[{"embeddable":true,"href":"https:\/\/vinasfm.com\/noticias\/wp-json\/wp\/v2\/users\/8"}],"replies":[{"embeddable":true,"href":"https:\/\/vinasfm.com\/noticias\/wp-json\/wp\/v2\/comments?post=61164"}],"version-history":[{"count":2,"href":"https:\/\/vinasfm.com\/noticias\/wp-json\/wp\/v2\/posts\/61164\/revisions"}],"predecessor-version":[{"id":61194,"href":"https:\/\/vinasfm.com\/noticias\/wp-json\/wp\/v2\/posts\/61164\/revisions\/61194"}],"wp:featuredmedia":[{"embeddable":true,"href":"https:\/\/vinasfm.com\/noticias\/wp-json\/wp\/v2\/media\/60835"}],"wp:attachment":[{"href":"https:\/\/vinasfm.com\/noticias\/wp-json\/wp\/v2\/media?parent=61164"}],"wp:term":[{"taxonomy":"category","embeddable":true,"href":"https:\/\/vinasfm.com\/noticias\/wp-json\/wp\/v2\/categories?post=61164"},{"taxonomy":"post_tag","embeddable":true,"href":"https:\/\/vinasfm.com\/noticias\/wp-json\/wp\/v2\/tags?post=61164"}],"curies":[{"name":"wp","href":"https:\/\/api.w.org\/{rel}","templated":true}]}}