{"id":60813,"date":"2019-10-29T11:10:50","date_gmt":"2019-10-29T14:10:50","guid":{"rendered":"http:\/\/vinasfm.com\/noticias\/?p=60813"},"modified":"2019-10-29T11:31:39","modified_gmt":"2019-10-29T14:31:39","slug":"conductora-lesionada-luego-de-volcar-con-su-vehiculo-en-ruta-143","status":"publish","type":"post","link":"https:\/\/vinasfm.com\/noticias\/conductora-lesionada-luego-de-volcar-con-su-vehiculo-en-ruta-143\/","title":{"rendered":"CONDUCTORA LESIONADA LUEGO DE VOLCAR CON SU VEH\u00cdCULO EN RUTA 143"},"content":{"rendered":"<h4><strong>Una conductora result\u00f3 lesionada luego de perder el dominio de su veh\u00edculo y volcar en Ruta 143 a la altura del Km 454.<\/strong><\/h4>\n<p>El siniestro se produjo <strong>cerca de las 10:00h de este martes<\/strong>, cuando la conductora (<strong>66<\/strong>) de un <strong>Peugeot 206 <\/strong>(imagen) que <strong>circulaba por Ruta 143 desde Villa Atuel a General Alvear <\/strong>mordi\u00f3 banquina provocando la p\u00e9rdida del dominio del rodado que cruz\u00f3 de carril producto de la brusca maniobra por estabilizar el desplazamiento del veh\u00edculo y <strong>volc\u00f3 a metros de la cinta asf\u00e1ltica<\/strong>.<\/p>\n<p>La mujer, identificada como <strong>Gladis Garc\u00eda<\/strong>, sufri\u00f3 <strong><em>politraumatismos varios<\/em><\/strong> por lo que fue trasladada al hospital \u201cEnfermeros Argentinos\u201d donde est\u00e1 siendo asistida.<\/p>\n<p>En el lugar del accidente trabaj\u00f3 personal de Comisar\u00eda 26\u00aa donde se labraron actuaciones bajo la instrucci\u00f3n de la Unidad Fiscal de Villa Atuel.<\/p>\n<p><img loading=\"lazy\" decoding=\"async\" class=\" wp-image-60817 aligncenter\" src=\"http:\/\/vinasfm.com\/noticias\/wp-content\/uploads\/2019\/10\/6190683f-042e-4cea-ab48-e1eb5e2f783f-e1572358211773-300x257.jpg\" alt=\"\" width=\"484\" height=\"415\" srcset=\"https:\/\/vinasfm.com\/noticias\/wp-content\/uploads\/2019\/10\/6190683f-042e-4cea-ab48-e1eb5e2f783f-e1572358211773-300x257.jpg 300w, https:\/\/vinasfm.com\/noticias\/wp-content\/uploads\/2019\/10\/6190683f-042e-4cea-ab48-e1eb5e2f783f-e1572358211773.jpg 584w\" sizes=\"auto, (max-width: 484px) 100vw, 484px\" \/><\/p>\n<h5><em>F.B. (F.M. Vi\u00f1as).<\/em><\/h5>\n","protected":false},"excerpt":{"rendered":"<p>Una conductora result\u00f3 lesionada luego de perder el dominio de su veh\u00edculo y volcar en Ruta 143 a la altura del &#8230;<\/p>\n","protected":false},"author":8,"featured_media":60816,"comment_status":"open","ping_status":"open","sticky":false,"template":"","format":"standard","meta":{"footnotes":""},"categories":[5,4],"tags":[],"class_list":["post-60813","post","type-post","status-publish","format-standard","has-post-thumbnail","hentry","category-actualidad","category-policiales"],"_links":{"self":[{"href":"https:\/\/vinasfm.com\/noticias\/wp-json\/wp\/v2\/posts\/60813","targetHints":{"allow":["GET"]}}],"collection":[{"href":"https:\/\/vinasfm.com\/noticias\/wp-json\/wp\/v2\/posts"}],"about":[{"href":"https:\/\/vinasfm.com\/noticias\/wp-json\/wp\/v2\/types\/post"}],"author":[{"embeddable":true,"href":"https:\/\/vinasfm.com\/noticias\/wp-json\/wp\/v2\/users\/8"}],"replies":[{"embeddable":true,"href":"https:\/\/vinasfm.com\/noticias\/wp-json\/wp\/v2\/comments?post=60813"}],"version-history":[{"count":2,"href":"https:\/\/vinasfm.com\/noticias\/wp-json\/wp\/v2\/posts\/60813\/revisions"}],"predecessor-version":[{"id":60821,"href":"https:\/\/vinasfm.com\/noticias\/wp-json\/wp\/v2\/posts\/60813\/revisions\/60821"}],"wp:featuredmedia":[{"embeddable":true,"href":"https:\/\/vinasfm.com\/noticias\/wp-json\/wp\/v2\/media\/60816"}],"wp:attachment":[{"href":"https:\/\/vinasfm.com\/noticias\/wp-json\/wp\/v2\/media?parent=60813"}],"wp:term":[{"taxonomy":"category","embeddable":true,"href":"https:\/\/vinasfm.com\/noticias\/wp-json\/wp\/v2\/categories?post=60813"},{"taxonomy":"post_tag","embeddable":true,"href":"https:\/\/vinasfm.com\/noticias\/wp-json\/wp\/v2\/tags?post=60813"}],"curies":[{"name":"wp","href":"https:\/\/api.w.org\/{rel}","templated":true}]}}