{"id":60718,"date":"2019-10-28T09:45:15","date_gmt":"2019-10-28T12:45:15","guid":{"rendered":"http:\/\/vinasfm.com\/noticias\/?p=60718"},"modified":"2019-10-28T12:57:37","modified_gmt":"2019-10-28T15:57:37","slug":"asaltaron-a-mano-armada-la-estacion-de-servicio-de-alvear-oeste","status":"publish","type":"post","link":"https:\/\/vinasfm.com\/noticias\/asaltaron-a-mano-armada-la-estacion-de-servicio-de-alvear-oeste\/","title":{"rendered":"ASALTARON A MANO ARMADA LA ESTACI\u00d3N DE SERVICIO DE ALVEAR OESTE"},"content":{"rendered":"<h4><strong>Un malviviente asalt\u00f3 la estaci\u00f3n de servicio de Alvear Oeste en la noche de este s\u00e1bado. Se alz\u00f3 con la recaudaci\u00f3n del d\u00eda.<\/strong><\/h4>\n<p>Cerca de las <strong>21:00h<\/strong>, un encapuchado ingres\u00f3 a la estaci\u00f3n ubicada en calle Centenario y Urquiza y <strong>portando un arma blanca amedrent\u00f3 al empleado y se alz\u00f3 con la recaudaci\u00f3n del d\u00eda<\/strong>.<\/p>\n<p>La causa caratulada como \u201c<strong>robo agravado<\/strong>\u201d est\u00e1 siendo instruida por la Oficina Fiscal de la Comisar\u00eda 14\u00aa.<\/p>\n<h5><em>F.B. (F.M. Vi\u00f1as).<\/em><\/h5>\n","protected":false},"excerpt":{"rendered":"<p>Un malviviente asalt\u00f3 la estaci\u00f3n de servicio de Alvear Oeste en la noche de este s\u00e1bado. Se alz\u00f3 con la recaudaci\u00f3n &#8230;<\/p>\n","protected":false},"author":8,"featured_media":60719,"comment_status":"open","ping_status":"open","sticky":false,"template":"","format":"standard","meta":{"footnotes":""},"categories":[5,4],"tags":[],"class_list":["post-60718","post","type-post","status-publish","format-standard","has-post-thumbnail","hentry","category-actualidad","category-policiales"],"_links":{"self":[{"href":"https:\/\/vinasfm.com\/noticias\/wp-json\/wp\/v2\/posts\/60718","targetHints":{"allow":["GET"]}}],"collection":[{"href":"https:\/\/vinasfm.com\/noticias\/wp-json\/wp\/v2\/posts"}],"about":[{"href":"https:\/\/vinasfm.com\/noticias\/wp-json\/wp\/v2\/types\/post"}],"author":[{"embeddable":true,"href":"https:\/\/vinasfm.com\/noticias\/wp-json\/wp\/v2\/users\/8"}],"replies":[{"embeddable":true,"href":"https:\/\/vinasfm.com\/noticias\/wp-json\/wp\/v2\/comments?post=60718"}],"version-history":[{"count":1,"href":"https:\/\/vinasfm.com\/noticias\/wp-json\/wp\/v2\/posts\/60718\/revisions"}],"predecessor-version":[{"id":60721,"href":"https:\/\/vinasfm.com\/noticias\/wp-json\/wp\/v2\/posts\/60718\/revisions\/60721"}],"wp:featuredmedia":[{"embeddable":true,"href":"https:\/\/vinasfm.com\/noticias\/wp-json\/wp\/v2\/media\/60719"}],"wp:attachment":[{"href":"https:\/\/vinasfm.com\/noticias\/wp-json\/wp\/v2\/media?parent=60718"}],"wp:term":[{"taxonomy":"category","embeddable":true,"href":"https:\/\/vinasfm.com\/noticias\/wp-json\/wp\/v2\/categories?post=60718"},{"taxonomy":"post_tag","embeddable":true,"href":"https:\/\/vinasfm.com\/noticias\/wp-json\/wp\/v2\/tags?post=60718"}],"curies":[{"name":"wp","href":"https:\/\/api.w.org\/{rel}","templated":true}]}}