{"id":60715,"date":"2019-10-28T07:17:06","date_gmt":"2019-10-28T10:17:06","guid":{"rendered":"http:\/\/vinasfm.com\/noticias\/?p=60715"},"modified":"2019-10-29T10:14:30","modified_gmt":"2019-10-29T13:14:30","slug":"la-policia-recupero-una-moto-que-habia-sido-robada-horas-antes","status":"publish","type":"post","link":"https:\/\/vinasfm.com\/noticias\/la-policia-recupero-una-moto-que-habia-sido-robada-horas-antes\/","title":{"rendered":"LA POLIC\u00cdA RECUPER\u00d3 UNA MOTO QUE HAB\u00cdA SIDO ROBADA HORAS ANTES"},"content":{"rendered":"<h4><strong>En horas de la tarde de este s\u00e1bado personal policial recuper\u00f3 una moto que hab\u00eda sido robada horas antes en la vereda de una vivienda ubicada en Diagonal Carlos Pellegrini.<\/strong><\/h4>\n<p>Seg\u00fan la informaci\u00f3n oficial, el propietario (24) de una <strong>Gilera 110cc<\/strong> denunci\u00f3 la sustracci\u00f3n del rodado en la ma\u00f1ana del s\u00e1bado luego de haberla dejado estacionada en la vereda de una vivienda de Diagonal Pellegrini.<\/p>\n<p>Luego de tomar intervenci\u00f3n la Unidad Fiscal e Investigaciones se mont\u00f3 un operativo de b\u00fasqueda que culmin\u00f3 en la tarde luego de ser desplazados a una <strong>destilera abandonada<\/strong>, ubicada <strong>en Ruta 143 y calle G<\/strong>. Una vez all\u00ed <strong>encontraron la moto denunciada en el interior una pileta<\/strong>.<\/p>\n<p>Se labraron actuaciones en \u201c<strong>Averiguaci\u00f3n robo<\/strong>\u201d bajo instrucci\u00f3n de la Oficina Fiscal de Gral. Alvear.<\/p>\n<h5><em>F.B. (F.M. Vi\u00f1as).<\/em><\/h5>\n","protected":false},"excerpt":{"rendered":"<p>En horas de la tarde de este s\u00e1bado personal policial recuper\u00f3 una moto que hab\u00eda sido robada horas antes en la &#8230;<\/p>\n","protected":false},"author":8,"featured_media":55306,"comment_status":"open","ping_status":"open","sticky":false,"template":"","format":"standard","meta":{"footnotes":""},"categories":[5,4],"tags":[],"class_list":["post-60715","post","type-post","status-publish","format-standard","has-post-thumbnail","hentry","category-actualidad","category-policiales"],"_links":{"self":[{"href":"https:\/\/vinasfm.com\/noticias\/wp-json\/wp\/v2\/posts\/60715","targetHints":{"allow":["GET"]}}],"collection":[{"href":"https:\/\/vinasfm.com\/noticias\/wp-json\/wp\/v2\/posts"}],"about":[{"href":"https:\/\/vinasfm.com\/noticias\/wp-json\/wp\/v2\/types\/post"}],"author":[{"embeddable":true,"href":"https:\/\/vinasfm.com\/noticias\/wp-json\/wp\/v2\/users\/8"}],"replies":[{"embeddable":true,"href":"https:\/\/vinasfm.com\/noticias\/wp-json\/wp\/v2\/comments?post=60715"}],"version-history":[{"count":1,"href":"https:\/\/vinasfm.com\/noticias\/wp-json\/wp\/v2\/posts\/60715\/revisions"}],"predecessor-version":[{"id":60716,"href":"https:\/\/vinasfm.com\/noticias\/wp-json\/wp\/v2\/posts\/60715\/revisions\/60716"}],"wp:featuredmedia":[{"embeddable":true,"href":"https:\/\/vinasfm.com\/noticias\/wp-json\/wp\/v2\/media\/55306"}],"wp:attachment":[{"href":"https:\/\/vinasfm.com\/noticias\/wp-json\/wp\/v2\/media?parent=60715"}],"wp:term":[{"taxonomy":"category","embeddable":true,"href":"https:\/\/vinasfm.com\/noticias\/wp-json\/wp\/v2\/categories?post=60715"},{"taxonomy":"post_tag","embeddable":true,"href":"https:\/\/vinasfm.com\/noticias\/wp-json\/wp\/v2\/tags?post=60715"}],"curies":[{"name":"wp","href":"https:\/\/api.w.org\/{rel}","templated":true}]}}