{"id":60711,"date":"2019-10-28T08:50:47","date_gmt":"2019-10-28T11:50:47","guid":{"rendered":"http:\/\/vinasfm.com\/noticias\/?p=60711"},"modified":"2019-10-29T10:01:15","modified_gmt":"2019-10-29T13:01:15","slug":"estos-son-los-diputados-nacionales-electos-por-mendoza","status":"publish","type":"post","link":"https:\/\/vinasfm.com\/noticias\/estos-son-los-diputados-nacionales-electos-por-mendoza\/","title":{"rendered":"ESTOS SON LOS DIPUTADOS NACIONALES ELECTOS POR MENDOZA"},"content":{"rendered":"<p><strong>El\u00a0Frente Cambia Mendoza\u00a0se impuso de manera contundente en las elecciones de este domingo en la categor\u00eda de diputados nacionales aventajando por casi 15 puntos al\u00a0Frente de Todos. Con esta victoria, el oficialismo obtuvo tres bancas para el futuro Congreso, mientras que el peronismo consigui\u00f3 dos lugares.<\/strong><\/p>\n<p>Los diputados electos por el actual espacio oficialista son el gobernador\u00a0<strong>Alfredo Cornejo<\/strong>, quien encabezaba la lista de Cambia Mendoza;\u00a0<strong>Jimena Latorre,<\/strong> abogada sanrafaelina que preside el Ente Provincial Regulador El\u00e9ctrico (EPRE); y\u00a0<strong>Omar de Marchi<\/strong>, actual intendente de Luj\u00e1n de Cuyo y l\u00edder del PRO mendocino.<\/p>\n<p>En tanto, los legisladores que se sumar\u00e1n a la C\u00e1mara Baja por el peronismo son\u00a0<strong>Marisa Uceda<\/strong>, abogada laboralista de militancia en La C\u00e1mpora, y\u00a0<strong>Alejandro Bermejo<\/strong>, el actual intendente de Maip\u00fa.<\/p>\n<p>De esta manera, la distribuci\u00f3n de esca\u00f1os qued\u00f3 igual que la que hab\u00edan dejado los comicios de 2015, donde Cambia Mendoza tambi\u00e9n hab\u00eda conseguido tres bancas y el justicialismo dos.<\/p>\n<p>Vale recordar que estos cinco diputados nacionales electos asumir\u00e1n su banca el 10 de diciembre y tendr\u00e1n un mandato de cuatro a\u00f1os.<\/p>\n<p>Fuente: Sitio Andino \/ A.C.<\/p>\n","protected":false},"excerpt":{"rendered":"<p>El\u00a0Frente Cambia Mendoza\u00a0se impuso de manera contundente en las elecciones de este domingo en la categor\u00eda de diputados nacionales aventajando por &#8230;<\/p>\n","protected":false},"author":7,"featured_media":60712,"comment_status":"open","ping_status":"open","sticky":false,"template":"","format":"standard","meta":{"footnotes":""},"categories":[5,7],"tags":[],"class_list":["post-60711","post","type-post","status-publish","format-standard","has-post-thumbnail","hentry","category-actualidad","category-politica"],"_links":{"self":[{"href":"https:\/\/vinasfm.com\/noticias\/wp-json\/wp\/v2\/posts\/60711","targetHints":{"allow":["GET"]}}],"collection":[{"href":"https:\/\/vinasfm.com\/noticias\/wp-json\/wp\/v2\/posts"}],"about":[{"href":"https:\/\/vinasfm.com\/noticias\/wp-json\/wp\/v2\/types\/post"}],"author":[{"embeddable":true,"href":"https:\/\/vinasfm.com\/noticias\/wp-json\/wp\/v2\/users\/7"}],"replies":[{"embeddable":true,"href":"https:\/\/vinasfm.com\/noticias\/wp-json\/wp\/v2\/comments?post=60711"}],"version-history":[{"count":1,"href":"https:\/\/vinasfm.com\/noticias\/wp-json\/wp\/v2\/posts\/60711\/revisions"}],"predecessor-version":[{"id":60714,"href":"https:\/\/vinasfm.com\/noticias\/wp-json\/wp\/v2\/posts\/60711\/revisions\/60714"}],"wp:featuredmedia":[{"embeddable":true,"href":"https:\/\/vinasfm.com\/noticias\/wp-json\/wp\/v2\/media\/60712"}],"wp:attachment":[{"href":"https:\/\/vinasfm.com\/noticias\/wp-json\/wp\/v2\/media?parent=60711"}],"wp:term":[{"taxonomy":"category","embeddable":true,"href":"https:\/\/vinasfm.com\/noticias\/wp-json\/wp\/v2\/categories?post=60711"},{"taxonomy":"post_tag","embeddable":true,"href":"https:\/\/vinasfm.com\/noticias\/wp-json\/wp\/v2\/tags?post=60711"}],"curies":[{"name":"wp","href":"https:\/\/api.w.org\/{rel}","templated":true}]}}