{"id":60689,"date":"2019-10-27T12:24:20","date_gmt":"2019-10-27T15:24:20","guid":{"rendered":"http:\/\/vinasfm.com\/noticias\/?p=60689"},"modified":"2021-09-22T21:32:09","modified_gmt":"2021-09-23T00:32:09","slug":"las-escuelas-de-la-pampa-ensenan-que-el-atuel-es-un-rio-pampeano-robado-por-los-mendocinos","status":"publish","type":"post","link":"https:\/\/vinasfm.com\/noticias\/las-escuelas-de-la-pampa-ensenan-que-el-atuel-es-un-rio-pampeano-robado-por-los-mendocinos\/","title":{"rendered":"LAS ESCUELAS DE LA PAMPA ENSE\u00d1AN QUE &#8216;EL ATUEL ES UN R\u00cdO PAMPEANO ROBADO POR LOS MENDOCINOS&#8217;"},"content":{"rendered":"<h4><strong>En medio de la disyuntiva que mantienen Mendoza y La Pampa desde hace d\u00e9cadas por el nivel de cauce del r\u00edo Atuel, una situaci\u00f3n llamativa se conoci\u00f3 en los \u00faltimos d\u00edas: las escuelas de la vecina provincia incluyen en su curr\u00edcula el tema del conflicto por el r\u00edo Atuel con una particular demagogia.<\/strong><\/h4>\n<p>En los \u00faltimos a\u00f1os, <strong>La Pampa ha llevado a cabo una fuerte ofensiva contra Mendoza por las aguas del r\u00edo\u00a0Atuel<\/strong>, que riega nuestro oasis sur y que, seg\u00fan la vecina provincia,<strong> al construirse diques en territorio mendocino provoc\u00f3 la desertificaci\u00f3n y desaparici\u00f3n de pueblos del noroeste pampeano<\/strong>. Ahora, <strong>se opone f\u00e9rreamente a \u00a0Portezuelo del Viento.<\/strong><\/p>\n<h5><em><strong>Ver tambi\u00e9n: <a href=\"http:\/\/vinasfm.com\/noticias\/atuel-nuevamente-la-pampa-con-una-posicion-intransigente\/\">http:\/\/vinasfm.com\/noticias\/atuel-nuevamente-la-pampa-con-una-posicion-intransigente\/<\/a><\/strong><\/em><\/h5>\n<p>Para confirmar la pol\u00e9mica postura de la vecina provincia, el pasado <strong>21 de octubre <\/strong>en el marco del que han denominado \u00ab<strong>D\u00eda de los derechos pampeanos sobre el r\u00edo Atuel<\/strong>\u00ab, un canal santarrosino cubri\u00f3 las actividades que realizaron alumnos de la <strong>Escuela N\u00b0 6<\/strong>. A modo de reafirmar su versi\u00f3n, los ni\u00f1os del establecimiento \u00a0pintaron un mural donde <strong>se deja ver de fondo a Mendoza con robusta vegetaci\u00f3n regada por un ancho r\u00edo<\/strong> (Atuel) y tras superar un l\u00edmite simb\u00f3lico se convierte en <strong>un hilo de agua rodeado de desierto<\/strong>, <strong>en alusi\u00f3n al relieve pampeano<\/strong>.<\/p>\n<p>Cuando la notera le consulta a un estudiante sobre qu\u00e9 sabe del r\u00edo Atuel, este manifiesta: \u00ab<strong><em>Es un r\u00edo pampeano que fue robado por los mendocinos<\/em><\/strong>\u00ab. A su misma vez entonan la zamba <strong><em>\u201cR\u00edo Robado\u201d<\/em><\/strong>, compuesta hace tiempo por Manuel J. Castilla\u00a0 y Enrique Fern\u00e1ndez, canci\u00f3n que va desgranando: \u201c<em>Cuando cortan el Atuel queda sin agua el Salado, llenos de arena los ojos va lagrimeando el pampeano. As\u00ed, desierta la tierra, s\u00f3lo se nos va quedando; los vientos por las jarillas sobre la sal van llorando. Ag\u00fcita robada, ag\u00fcita, \u00bfqu\u00e9 tierras and\u00e1s regando? Santa Isabel por el cielo sentido te est\u00e1 esperando. Ag\u00fcita, cielo perdido, que te nos vas de las manos, vienes viniendo en el vino y La Pampa te hace canto.<\/em><em> \u00a1Saladito, saladito! Astillas de mi cald\u00e9n; El que siembra en las arenas se va muriendo de sed<\/em>\u201d.<\/p>\n<div id=\"fb-root\"><\/div>\n<p><script async=\"1\" defer=\"1\" crossorigin=\"anonymous\" src=\"https:\/\/connect.facebook.net\/es_LA\/sdk.js#xfbml=1&amp;version=v6.0\"><\/script><\/p>\n<div class=\"fb-video\" data-href=\"https:\/\/www.facebook.com\/cpetvcanal2\/videos\/453057775334333\/?t=5\" data-width=\"1140\">\n<blockquote cite=\"https:\/\/www.facebook.com\/cpetvcanal2\/videos\/453057775334333\/\" class=\"fb-xfbml-parse-ignore\"><p><a href=\"https:\/\/www.facebook.com\/cpetvcanal2\/videos\/453057775334333\/\">Alumnos de la Escuela N\u00b0 6 pidieron por el r\u00edo Atuel.<\/a><\/p>\n<p>Alumnos de la Escuela N\u00b0 6 pidieron por el r\u00edo Atuel.<\/p>\n<p>Publicado por <a href=\"https:\/\/www.facebook.com\/cpetvcanal2\/\">CPEtvCanal2<\/a> en Martes, 22 de octubre de 2019<\/p><\/blockquote>\n<\/div>\n<p>&nbsp;<\/p>\n<p><strong>Es sabido que las curriculas educativas no mantienen el sentido de objetividad en su totalidad pero si se adoctrina ferreamente por parte del Estado sin resguardar los conceptos cient\u00edficos confirma la aplicaci\u00f3n pol\u00edtica maquiavelista de internalizar determinado tema como factor unificador<\/strong>, <strong>en un contexto de crisis<\/strong>, <strong>con el fin\u00a0 construir y promover un enemigo com\u00fan y ajeno<\/strong>,<strong> en este caso, Mendoza.<\/strong><\/p>\n<h4><strong>\u201c<em>PARA EL PAMPEANO LA PROBLEM\u00c1TICA DEL ATUEL, ES COMO MALVINAS PARA LOS ARGENTINOS\u201d<\/em> (Secretario de Recursos H\u00eddricos de La Pampa, Javier Schlegel)<\/strong><\/h4>\n<p>Las hostilidades radicadas por el gobierno pampeano, quien ha utilizado este conflicto como \u201ccaballito de batalla\u201d con fines electorales en varias oportunidades, se ha traducido en un adoctrinamiento y conductismo educativo instalando el concepto de que <strong>el r\u00edo Atuel \u201c<em>ha sido robado por Mendoza<\/em>\u201d<\/strong>. La postura de La Pampa, que hist\u00f3ricamente despotric\u00f3 contra Mendoza, ahora es contra el Gobierno Nacional, sobre todo despu\u00e9s del laudo a favor del presidente Mauricio Macri para que se construya \u201cPortezuelo del Viento\u201d.<\/p>\n<div id=\"attachment_60692\" style=\"width: 300px\" class=\"wp-caption alignleft\"><img loading=\"lazy\" decoding=\"async\" aria-describedby=\"caption-attachment-60692\" class=\"wp-image-60692 size-medium\" src=\"http:\/\/vinasfm.com\/noticias\/wp-content\/uploads\/2019\/10\/LA-PAMPA-RIO-ATUEL-300x218.png\" alt=\"\" width=\"300\" height=\"218\" srcset=\"https:\/\/vinasfm.com\/noticias\/wp-content\/uploads\/2019\/10\/LA-PAMPA-RIO-ATUEL-300x218.png 300w, https:\/\/vinasfm.com\/noticias\/wp-content\/uploads\/2019\/10\/LA-PAMPA-RIO-ATUEL.png 655w\" sizes=\"auto, (max-width: 300px) 100vw, 300px\" \/><p id=\"caption-attachment-60692\" class=\"wp-caption-text\">El gobierno de Verna apost\u00f3 fuertemente a este tipo de campa\u00f1as publicitarias.<\/p><\/div>\n<p>De hecho el gobierno de La Pampa instal\u00f3 en Santa Rosa unos grandes carteles en los que denuncia el \u00abrobo\u00bb del r\u00edo Atuel por parte de Mendoza y advierte que \u00abahora\u00bb la Naci\u00f3n \u00abviene\u00bb por los caudales del Colorado. Los carteles est\u00e1n distribuidos en los puntos de la capital provincial donde es constante la circulaci\u00f3n de vecinos en veh\u00edculos y caminando.<\/p>\n<p>La legisladora pampeana Norma Durango manifest\u00f3 que \u201cnuestra lucha es lograr que esto cambie. Por eso los pampeanos estamos unidos. Es nuestra causa y no claudicaremos hasta no tener agua corriendo por el Atuel y que no se construya Portezuelo del Viento\u201d.<\/p>\n<h5><em><strong>Ver tambi\u00e9n:<a href=\"http:\/\/vinasfm.com\/noticias\/atuel-mendoza-propuso-obra-del-trasvase-y-la-pampa-se-nego\/\">\u00a0http:\/\/vinasfm.com\/noticias\/atuel-mendoza-propuso-obra-del-trasvase-y-la-pampa-se-nego\/<\/a><\/strong><\/em><\/h5>\n<p>Claramente Durango se refiri\u00f3 al tema desde el total desconocimiento irrespetando a Mendoza y sus necesidades en medio de la crisis h\u00eddrica que la aqueja desde hace muchos a\u00f1os. Asimismo ignora las bondades de Portezuelo del Viento, una obra que \u2013incluyendo el trasvase al Atuel- beneficiar\u00e1 a su provincia.<\/p>\n<p><img loading=\"lazy\" decoding=\"async\" class=\" wp-image-60693 aligncenter\" src=\"http:\/\/vinasfm.com\/noticias\/wp-content\/uploads\/2019\/10\/descarga-1.jpg\" alt=\"\" width=\"426\" height=\"285\" \/><\/p>\n<h4><strong>LO QUE LA PAMPA NO DICE SOBRE EL ATUEL<\/strong><\/h4>\n<p>El Convenio Marco por el Aprovechamiento del R\u00edo Atuel, firmado en el 2008 por los gobernadores Celso Jaque y Oscar Jorge, menciona que tanto Mendoza como La Pampa ten\u00edan que hacer las obras b\u00e1sicas necesarias para el mejor aprovechamiento de aguas del Atuel, las cuales ser\u00edan financiadas en un 25% por las provincias y el 50% por la Naci\u00f3n.<\/p>\n<p>La Pampa ten\u00eda que invertir en esas obras en Mendoza que mejorar\u00edan el riego. As\u00ed lo afirma justamente el art\u00edculo 2, de la Ley 2468 ya aprobada, que faculta al Gobierno de La Pampa a invertir en Mendoza. No obstante, Mendoza hizo las obras del Marginal del Atuel sola.<\/p>\n<p>La Pampa tampoco hizo las obras para mejorar el aprovechamiento h\u00eddrico en su propio suelo. El acueducto Carmensa-La Puntilla, es una obra que nunca se cumpli\u00f3.<\/p>\n<p>El Acueducto Punta del Agua -Santa Isabel -Algarrobo del \u00c1guila, tiene una extensi\u00f3n de 190 kil\u00f3metros que toma agua de manantial, pluvial y de deshielo del Cerro Nevado, con la cual se abastece de agua potable a puesteros ubicados en ambas localidades del Oeste pampeano\u00a0 y la peque\u00f1a escuela n\u00famero 260 del paraje Chos Malal, que se entrega de manera gratuita y sin dejar ning\u00fan beneficio a los puntalag\u00fcinos.<\/p>\n<p>Mendoza adem\u00e1s comparte sus regal\u00edas hidroel\u00e9ctricas de los Nihuiles con La Pampa, algo que desde esa provincia tampoco se menciona.<\/p>\n<h5><em><strong>Ver tambi\u00e9n: <a href=\"http:\/\/vinasfm.com\/noticias\/como-continua-el-conflicto-con-la-pampa-por-el-rio-atuel\/\">http:\/\/vinasfm.com\/noticias\/como-continua-el-conflicto-con-la-pampa-por-el-rio-atuel\/<\/a><\/strong><\/em><\/h5>\n<h5><em>\u2022Fernando Burett (F.M. Vi\u00f1as).<\/em><\/h5>\n<div style=\"display: none;\">\n<a title=\"Vino Malbec\" href=\"http:\/\/vinosgeneralalvear.com.ar\/vino-varietal-50-anos-malbec-roble\/\"><img loading=\"lazy\" decoding=\"async\" src=\"http:\/\/vinosgeneralalvear.com.ar\/wp-content\/uploads\/2020\/02\/50-MR-ML2-300x300.jpg\" alt=\"vino malbec\" width=\"300\" height=\"300\" \/><\/a>\n<\/div>\n","protected":false},"excerpt":{"rendered":"<p>En medio de la disyuntiva que mantienen Mendoza y La Pampa desde hace d\u00e9cadas por el nivel de cauce del r\u00edo &#8230;<\/p>\n","protected":false},"author":8,"featured_media":60696,"comment_status":"open","ping_status":"open","sticky":false,"template":"","format":"standard","meta":{"footnotes":""},"categories":[5,10],"tags":[],"class_list":["post-60689","post","type-post","status-publish","format-standard","has-post-thumbnail","hentry","category-actualidad","category-destacadas"],"_links":{"self":[{"href":"https:\/\/vinasfm.com\/noticias\/wp-json\/wp\/v2\/posts\/60689","targetHints":{"allow":["GET"]}}],"collection":[{"href":"https:\/\/vinasfm.com\/noticias\/wp-json\/wp\/v2\/posts"}],"about":[{"href":"https:\/\/vinasfm.com\/noticias\/wp-json\/wp\/v2\/types\/post"}],"author":[{"embeddable":true,"href":"https:\/\/vinasfm.com\/noticias\/wp-json\/wp\/v2\/users\/8"}],"replies":[{"embeddable":true,"href":"https:\/\/vinasfm.com\/noticias\/wp-json\/wp\/v2\/comments?post=60689"}],"version-history":[{"count":4,"href":"https:\/\/vinasfm.com\/noticias\/wp-json\/wp\/v2\/posts\/60689\/revisions"}],"predecessor-version":[{"id":102694,"href":"https:\/\/vinasfm.com\/noticias\/wp-json\/wp\/v2\/posts\/60689\/revisions\/102694"}],"wp:featuredmedia":[{"embeddable":true,"href":"https:\/\/vinasfm.com\/noticias\/wp-json\/wp\/v2\/media\/60696"}],"wp:attachment":[{"href":"https:\/\/vinasfm.com\/noticias\/wp-json\/wp\/v2\/media?parent=60689"}],"wp:term":[{"taxonomy":"category","embeddable":true,"href":"https:\/\/vinasfm.com\/noticias\/wp-json\/wp\/v2\/categories?post=60689"},{"taxonomy":"post_tag","embeddable":true,"href":"https:\/\/vinasfm.com\/noticias\/wp-json\/wp\/v2\/tags?post=60689"}],"curies":[{"name":"wp","href":"https:\/\/api.w.org\/{rel}","templated":true}]}}