{"id":60687,"date":"2019-10-26T10:40:05","date_gmt":"2019-10-26T13:40:05","guid":{"rendered":"http:\/\/vinasfm.com\/noticias\/?p=60687"},"modified":"2019-10-28T08:19:09","modified_gmt":"2019-10-28T11:19:09","slug":"asi-estara-el-tiempo-en-alvear","status":"publish","type":"post","link":"https:\/\/vinasfm.com\/noticias\/asi-estara-el-tiempo-en-alvear\/","title":{"rendered":"AS\u00cd ESTAR\u00c1 EL TIEMPO EN ALVEAR"},"content":{"rendered":"<p><strong>Este s\u00e1bado se presentar\u00e1 caluroso con nubosidad variable y tormentas aisladas hacia la noche, vientos moderados del sudeste. Zonda en Malarg\u00fce. M\u00e1xima: 33\u00baC de acuerdo al pron\u00f3stico emitido por Contingencias Clim\u00e1ticas.<\/strong><\/p>\n<p>En la jornada electoral del domingo, el cielo estar\u00e1 parcialmente nublado y ventoso con descenso de la temperatura, vientos moderados del sudeste. Tiempo inestable e ingreso de sistema frontal. M\u00e1xima: 28\u00baC M\u00ednima: 17\u00baC<\/p>\n<p>Para el lunes, se indica algo nublado con poco cambio de la temperatura, vientos moderados del noreste. Precipitaciones en cordillera. M\u00e1xima: 29\u00baC M\u00ednima: 14\u00baC.<\/p>\n<p>Mientras que el martes, poca nubosidad con ascenso de la temperatura, vientos leves del noreste. M\u00e1xima: 30\u00baC M\u00ednima: 15\u00baC.<\/p>\n<p><strong><em>A.C.<\/em><\/strong><\/p>\n","protected":false},"excerpt":{"rendered":"<p>Este s\u00e1bado se presentar\u00e1 caluroso con nubosidad variable y tormentas aisladas hacia la noche, vientos moderados del sudeste. Zonda en Malarg\u00fce. &#8230;<\/p>\n","protected":false},"author":7,"featured_media":48233,"comment_status":"open","ping_status":"open","sticky":false,"template":"","format":"standard","meta":{"footnotes":""},"categories":[1],"tags":[],"class_list":["post-60687","post","type-post","status-publish","format-standard","has-post-thumbnail","hentry","category-fmvinas"],"_links":{"self":[{"href":"https:\/\/vinasfm.com\/noticias\/wp-json\/wp\/v2\/posts\/60687","targetHints":{"allow":["GET"]}}],"collection":[{"href":"https:\/\/vinasfm.com\/noticias\/wp-json\/wp\/v2\/posts"}],"about":[{"href":"https:\/\/vinasfm.com\/noticias\/wp-json\/wp\/v2\/types\/post"}],"author":[{"embeddable":true,"href":"https:\/\/vinasfm.com\/noticias\/wp-json\/wp\/v2\/users\/7"}],"replies":[{"embeddable":true,"href":"https:\/\/vinasfm.com\/noticias\/wp-json\/wp\/v2\/comments?post=60687"}],"version-history":[{"count":1,"href":"https:\/\/vinasfm.com\/noticias\/wp-json\/wp\/v2\/posts\/60687\/revisions"}],"predecessor-version":[{"id":60691,"href":"https:\/\/vinasfm.com\/noticias\/wp-json\/wp\/v2\/posts\/60687\/revisions\/60691"}],"wp:featuredmedia":[{"embeddable":true,"href":"https:\/\/vinasfm.com\/noticias\/wp-json\/wp\/v2\/media\/48233"}],"wp:attachment":[{"href":"https:\/\/vinasfm.com\/noticias\/wp-json\/wp\/v2\/media?parent=60687"}],"wp:term":[{"taxonomy":"category","embeddable":true,"href":"https:\/\/vinasfm.com\/noticias\/wp-json\/wp\/v2\/categories?post=60687"},{"taxonomy":"post_tag","embeddable":true,"href":"https:\/\/vinasfm.com\/noticias\/wp-json\/wp\/v2\/tags?post=60687"}],"curies":[{"name":"wp","href":"https:\/\/api.w.org\/{rel}","templated":true}]}}