{"id":60436,"date":"2019-10-22T08:05:39","date_gmt":"2019-10-22T11:05:39","guid":{"rendered":"http:\/\/vinasfm.com\/noticias\/?p=60436"},"modified":"2019-10-23T10:07:17","modified_gmt":"2019-10-23T13:07:17","slug":"defensa-del-consumidor-brindara-servicio-de-atencion-en-los-distritos","status":"publish","type":"post","link":"https:\/\/vinasfm.com\/noticias\/defensa-del-consumidor-brindara-servicio-de-atencion-en-los-distritos\/","title":{"rendered":"DEFENSA DEL CONSUMIDOR BRINDAR\u00c1 SERVICIO DE ATENCI\u00d3N EN LOS DISTRITOS"},"content":{"rendered":"<h4><strong>En el mes de agosto la Direcci\u00f3n de Defensa del Consumidor del Ministerio de Gobierno estableci\u00f3 mediante una resoluci\u00f3n que los comercios exhiban los precios de los productos de la canasta alimentaria con carteler\u00eda que permita comparar cu\u00e1l es el valor con IVA y cu\u00e1nto sale sin IVA. <\/strong><\/h4>\n<p>Desde la <strong>Direcci\u00f3n de Inspecci\u00f3n General de la Municipalidad<\/strong> informaron sobre la <strong>atenci\u00f3n al consumidor que comenzar\u00e1 a brindarse en los Distritos<\/strong> y el control sobre la devoluci\u00f3n del IVA que se est\u00e1 aplicando en nuestro Departamento.<\/p>\n<p><strong>Hugo Molina, Director de Inspecci\u00f3n General<\/strong>, coment\u00f3: <em>\u00abEl mes que viene se va a empezar a trabajar con los distritos. <strong>Vamos a comenzar por Bowen donde la Oficina de Defensa del Consumidor se va a trasladar para recibir los reclamos que le competen<\/strong>. All\u00ed la gente puede hacer valer su\u00a0 derecho respecto a mercader\u00eda que ha comprado, a garant\u00edas y todo lo que no corresponde. Es variado los \u00edtems que abarca Defensa del Consumidor. <strong>Vamos\u00a0 a salir por todos los distritos con la intenci\u00f3n de que cada 1 mes se los visite para tomar los reclamos as\u00ed no acercan a la cuidad<\/strong>\u201d.<\/em><\/p>\n<p>Adem\u00e1s <strong>se contin\u00faa trabajando con las medidas promulgadas desde Defensa del Consumidor Provincial tales como el controles de los precios cuidados, sin IVA y precios esenciales.<\/strong><\/p>\n<p><strong>La medida que anunci\u00f3 el Gobierno sobre la eliminaci\u00f3n del IVA para los principales productos de la canasta b\u00e1sica, es para casi todas las marcas del mercado, al menos las m\u00e1s consumidas por los argentinos.<\/strong><\/p>\n<p>La <strong>medida incluye<\/strong> a los siguientes productos: <strong>pan, leche fluida, aceite girasol y mezcla, pastas secas, arroz, harinas de trigo, polenta, rebozador y pan rallado, yerba mate, mate cocido y t\u00e9, conservas de frutas, hortalizas y legumbres, yogures, huevos y az\u00facar. Pan y harina ya tributan 10,5%.<\/strong><\/p>\n<p><strong>Resulta necesario que los productos alcanzados por la quita del IVA, sean debidamente identificados por los consumidores<\/strong>. Por ello, la carteler\u00eda debe ser exhibida en la g\u00f3ndola y su tama\u00f1o deber\u00e1 permitir una f\u00e1cil lectura por parte de los consumidores seg\u00fan establece la norma.<\/p>\n<p><em>\u201cLos precios esenciales son aquellos productos en los que no var\u00eda su precio. Los sin IVA hace referencia a un tributo o impuesto que deben pagar los consumidores al Estado por el uso de un determinado servicio o la adquisici\u00f3n de un bien. Adem\u00e1s de ver sin cumplen o no con lo pedido debemos informar para que sepan c\u00f3mo tener todo en regla. Hasta los mercados de barrio deben cumplirlo y si no les llega la informaci\u00f3n no pueden hacerlo\u201d<\/em> a\u00f1adi\u00f3 <strong>Molina.<\/strong><\/p>\n<h4><strong>-\u00bfSe multa a quienes no cumplan?<\/strong><\/h4>\n<p><em>\u201cNosotros no multamos sino que enviamos un informe a Mendoza que son quienes realizan las multas. Algunos locales han sido ya multados. A nosotros nos delegan un poder desde Inspecci\u00f3n pero la realizaci\u00f3n de las multas las hacen desde Mendoza\u201d.<\/em><\/p>\n<p>Caber recordar que el incumplimiento de la resoluci\u00f3n, har\u00e1 pasible al infractor de la imposici\u00f3n de las sanciones previstas en el\u00a0<strong>art\u00edculo 57<\/strong>\u00a0de la\u00a0<strong>Ley Provincial de Defensa del Consumidor N\u00ba 5547<\/strong>.<\/p>\n<p>Por otro lado,<strong> desde la Subdirecci\u00f3n de Veterinaria cuentan con un veterinario y un inspector encargados de realizar los controles en carnicer\u00edas y veh\u00edculos de transporte:<\/strong> \u201cSemanalmen<em>te se realizan bastantes decomisos de mercader\u00eda por no cumplir con lo reglamentado\u201d.<\/em><\/p>\n<h5><em>R.B (F.M. Vi\u00f1as).<\/em><\/h5>\n","protected":false},"excerpt":{"rendered":"<p>En el mes de agosto la Direcci\u00f3n de Defensa del Consumidor del Ministerio de Gobierno estableci\u00f3 mediante una resoluci\u00f3n que los &#8230;<\/p>\n","protected":false},"author":8,"featured_media":55795,"comment_status":"open","ping_status":"open","sticky":false,"template":"","format":"standard","meta":{"footnotes":""},"categories":[5,47],"tags":[],"class_list":["post-60436","post","type-post","status-publish","format-standard","has-post-thumbnail","hentry","category-actualidad","category-defensa-del-consumidor"],"_links":{"self":[{"href":"https:\/\/vinasfm.com\/noticias\/wp-json\/wp\/v2\/posts\/60436","targetHints":{"allow":["GET"]}}],"collection":[{"href":"https:\/\/vinasfm.com\/noticias\/wp-json\/wp\/v2\/posts"}],"about":[{"href":"https:\/\/vinasfm.com\/noticias\/wp-json\/wp\/v2\/types\/post"}],"author":[{"embeddable":true,"href":"https:\/\/vinasfm.com\/noticias\/wp-json\/wp\/v2\/users\/8"}],"replies":[{"embeddable":true,"href":"https:\/\/vinasfm.com\/noticias\/wp-json\/wp\/v2\/comments?post=60436"}],"version-history":[{"count":2,"href":"https:\/\/vinasfm.com\/noticias\/wp-json\/wp\/v2\/posts\/60436\/revisions"}],"predecessor-version":[{"id":60468,"href":"https:\/\/vinasfm.com\/noticias\/wp-json\/wp\/v2\/posts\/60436\/revisions\/60468"}],"wp:featuredmedia":[{"embeddable":true,"href":"https:\/\/vinasfm.com\/noticias\/wp-json\/wp\/v2\/media\/55795"}],"wp:attachment":[{"href":"https:\/\/vinasfm.com\/noticias\/wp-json\/wp\/v2\/media?parent=60436"}],"wp:term":[{"taxonomy":"category","embeddable":true,"href":"https:\/\/vinasfm.com\/noticias\/wp-json\/wp\/v2\/categories?post=60436"},{"taxonomy":"post_tag","embeddable":true,"href":"https:\/\/vinasfm.com\/noticias\/wp-json\/wp\/v2\/tags?post=60436"}],"curies":[{"name":"wp","href":"https:\/\/api.w.org\/{rel}","templated":true}]}}