{"id":60434,"date":"2019-10-22T08:00:30","date_gmt":"2019-10-22T11:00:30","guid":{"rendered":"http:\/\/vinasfm.com\/noticias\/?p=60434"},"modified":"2019-10-22T08:30:46","modified_gmt":"2019-10-22T11:30:46","slug":"en-alvear-el-partido-democrata-militara-por-cambiemos-de-cara-a-las-elecciones-del-proximo-domingo","status":"publish","type":"post","link":"https:\/\/vinasfm.com\/noticias\/en-alvear-el-partido-democrata-militara-por-cambiemos-de-cara-a-las-elecciones-del-proximo-domingo\/","title":{"rendered":"EN ALVEAR, EL PARTIDO DEM\u00d3CRATA MILITAR\u00c1 POR CAMBIEMOS DE CARA A LAS ELECCIONES DEL PR\u00d3XIMO DOMINGO"},"content":{"rendered":"<h4><strong>A seis d\u00edas de jornada c\u00edvica nacional en la que los argentinos decidiremos por el binomio que maneje los destinos del pa\u00eds por los pr\u00f3ximos cuatro a\u00f1os y los cinco diputados nacionales que representen a nuestra provincia en el Congreso, el Partido Dem\u00f3crata de General Alvear comenz\u00f3 a militar intensamente a favor de Cambiemos.<\/strong><\/h4>\n<p>Con la <strong>f\u00f3rmula Macri-Picheto<\/strong>, los militantes del este legendario partido, recibieron las boletas que se completa para Diputados Nacionales con el gobernador <strong>Alfredo Cornejo<\/strong>, quien la encabeza m\u00e1s all\u00e1 de su propia resistencia a ser candidato, <strong>Jimena Latorre<\/strong>, titular del EPRE, y <strong>Omar de Marchi<\/strong>, intendente de Luj\u00e1n de Cuyo.<\/p>\n<div id=\"attachment_45975\" style=\"width: 237px\" class=\"wp-caption alignleft\"><img loading=\"lazy\" decoding=\"async\" aria-describedby=\"caption-attachment-45975\" class=\"wp-image-45975\" src=\"http:\/\/vinasfm.com\/noticias\/wp-content\/uploads\/2018\/12\/pd-partido-democrata-300x213.png\" alt=\"\" width=\"237\" height=\"168\" srcset=\"https:\/\/vinasfm.com\/noticias\/wp-content\/uploads\/2018\/12\/pd-partido-democrata-300x213.png 300w, https:\/\/vinasfm.com\/noticias\/wp-content\/uploads\/2018\/12\/pd-partido-democrata.png 711w\" sizes=\"auto, (max-width: 237px) 100vw, 237px\" \/><p id=\"caption-attachment-45975\" class=\"wp-caption-text\">Sede del Partido Dem\u00f3crata en Ciudad.<\/p><\/div>\n<p><strong>Andrea P\u00e9rez Bernal<\/strong>, <strong>Presidente del PD local<\/strong>, reflej\u00f3: \u201c<strong><em>Queremos que Macri sea reelecto<\/em><\/strong><em>, todo es en funci\u00f3n de la defensa de la democracia con la independencia de los 3 poderes\u201d. <\/em><\/p>\n<p>Asimismo, <strong>P\u00e9rez<\/strong> indic\u00f3<em>: \u201c<strong>El s\u00e1bado recibimos las boletas<\/strong>, tenemos una semana intensa de trabajo y <strong>queremos invitarlos hoy 21 a las 20:30h a una reuni\u00f3n para simpatizantes del PD y de otro partidos<\/strong>. <strong>Somos muchos los que no queremos la vuelta de kirchnerismo<\/strong><\/em>\u201d.<\/p>\n<p><em>\u201cEl PD contar\u00e1 con gente encargada de la repartici\u00f3n de boletas y vamos a estar en la sede tambi\u00e9n. <strong>Vamos a recorrer adem\u00e1s la zona rural porque hay muchos simpatizantes de PD<\/strong>. En esta elecciones <strong>se pone en juego la defensa de la rep\u00fablica<\/strong>, <strong>de la democracia<\/strong>, <strong>que es lo que debemos defender<\/strong><\/em>\u201d, asever\u00f3 la presidente del Partido Dem\u00f3crata.<\/p>\n<p>Por su parte, <strong>Coco P\u00e9rez<\/strong>, se\u00f1al\u00f3: \u201c<em>Hemos tomado una decisi\u00f3n como partido, <strong>nosotros queremos trabajar por nuestra Argentina<\/strong> y <strong>por nuestra democracia<\/strong>. <strong>No solo trabajamos por la reelecci\u00f3n de Mauricio Macri sino tambien por nuestros hijos<\/strong>, para que tengan un buen futuro y hacer un pa\u00eds mejor. <strong>Vamos a hacer un gran esfuerzo sin depender del resto de los partidos<\/strong>\u201d.<\/em><\/p>\n<h5><em>R.B. (F.M. Vi\u00f1as).<\/em><\/h5>\n","protected":false},"excerpt":{"rendered":"<p>A seis d\u00edas de jornada c\u00edvica nacional en la que los argentinos decidiremos por el binomio que maneje los destinos del &#8230;<\/p>\n","protected":false},"author":8,"featured_media":60437,"comment_status":"open","ping_status":"open","sticky":false,"template":"","format":"standard","meta":{"footnotes":""},"categories":[5,7],"tags":[],"class_list":["post-60434","post","type-post","status-publish","format-standard","has-post-thumbnail","hentry","category-actualidad","category-politica"],"_links":{"self":[{"href":"https:\/\/vinasfm.com\/noticias\/wp-json\/wp\/v2\/posts\/60434","targetHints":{"allow":["GET"]}}],"collection":[{"href":"https:\/\/vinasfm.com\/noticias\/wp-json\/wp\/v2\/posts"}],"about":[{"href":"https:\/\/vinasfm.com\/noticias\/wp-json\/wp\/v2\/types\/post"}],"author":[{"embeddable":true,"href":"https:\/\/vinasfm.com\/noticias\/wp-json\/wp\/v2\/users\/8"}],"replies":[{"embeddable":true,"href":"https:\/\/vinasfm.com\/noticias\/wp-json\/wp\/v2\/comments?post=60434"}],"version-history":[{"count":2,"href":"https:\/\/vinasfm.com\/noticias\/wp-json\/wp\/v2\/posts\/60434\/revisions"}],"predecessor-version":[{"id":60463,"href":"https:\/\/vinasfm.com\/noticias\/wp-json\/wp\/v2\/posts\/60434\/revisions\/60463"}],"wp:featuredmedia":[{"embeddable":true,"href":"https:\/\/vinasfm.com\/noticias\/wp-json\/wp\/v2\/media\/60437"}],"wp:attachment":[{"href":"https:\/\/vinasfm.com\/noticias\/wp-json\/wp\/v2\/media?parent=60434"}],"wp:term":[{"taxonomy":"category","embeddable":true,"href":"https:\/\/vinasfm.com\/noticias\/wp-json\/wp\/v2\/categories?post=60434"},{"taxonomy":"post_tag","embeddable":true,"href":"https:\/\/vinasfm.com\/noticias\/wp-json\/wp\/v2\/tags?post=60434"}],"curies":[{"name":"wp","href":"https:\/\/api.w.org\/{rel}","templated":true}]}}