{"id":60422,"date":"2019-10-21T10:13:25","date_gmt":"2019-10-21T13:13:25","guid":{"rendered":"http:\/\/vinasfm.com\/noticias\/?p=60422"},"modified":"2019-10-21T10:13:33","modified_gmt":"2019-10-21T13:13:33","slug":"el-coordinador-de-la-carrera-de-biotecnologia-es-uno-de-los-disertantes-en-un-importante-congreso-de-america-latina","status":"publish","type":"post","link":"https:\/\/vinasfm.com\/noticias\/el-coordinador-de-la-carrera-de-biotecnologia-es-uno-de-los-disertantes-en-un-importante-congreso-de-america-latina\/","title":{"rendered":"EL COORDINADOR DE LA CARRERA DE BIOTECNOLOG\u00cdA ES UNO DE LOS DISERTANTES EN UN IMPORTANTE CONGRESO DE AM\u00c9RICA LATINA"},"content":{"rendered":"<h4>El Dr. Ezequiel Lentz, a cargo de la Tecnicatura de Biotecnolog\u00eda y el laboratorio Municipal de biotecnolog\u00eda de Ugacoop, fue invitado a participar como disertante de la primera conferencia de investigaci\u00f3n MCAA de Am\u00e9rica Latina.<\/h4>\n<p>La capacitaci\u00f3n se realizar\u00e1 este lunes 21 de octubre, durante la ma\u00f1ana de hoy Lentz estuvo a cargo de la disertaci\u00f3n, el evento contin\u00faa ma\u00f1ana martes 22 en el Centro Cultural de la Ciencia en la Ciudad de Buenos Aires, cuenta con el apoyo de EURAXESS LAC y la oficina de enlace Argentina-UE en su calidad de puntos de contacto nacionales (PNC) Marie Sklodowska-Curie Actions.<\/p>\n<p><strong>El objetivo es obtener experiencias variadas y discutir sobre temas relacionados con la ciencia y la movilidad; descubrir c\u00f3mo mantenerse conectado con Europa y desarrollar nuevas colaboraciones.<\/strong><\/p>\n<p>En esta disertaci\u00f3n podr\u00e1 informarse y descubrir\u00a0 c\u00f3mo puede beneficiarse de MSCA para llevar a cabo un doctorado, un posdoctorado o un proyecto de investigaci\u00f3n con varias instituciones europeas e internacionales.<\/p>\n<p><strong>Ezequiel Lentz es el Coordinador del Grado T\u00e9cnico en la carrera de Biotecnolog\u00eda en IdESA-UGACOOP de nuestro Departamento, tambi\u00e9n se encuentra trabajando en el laboratorio de biotecnolog\u00eda<\/strong>, dedicado al desarrollo de soluciones basadas en biotecnolog\u00eda para las dificultades que enfrentan los productores de la zona todos los d\u00edas en la agricultura, la producci\u00f3n animal y la alimentaci\u00f3n.<\/p>\n<p>Lentz trabaja en General Alvear en un proyecto donde la cooperativa debe acercarse a la biotecnolog\u00eda para la promoci\u00f3n de la educaci\u00f3n t\u00e9cnica,\u00a0 la agricultura sustentable, siempre basado en la ciencia.<\/p>\n<h5><strong>A.C.<\/strong><\/h5>\n","protected":false},"excerpt":{"rendered":"<p>El Dr. Ezequiel Lentz, a cargo de la Tecnicatura de Biotecnolog\u00eda y el laboratorio Municipal de biotecnolog\u00eda de Ugacoop, fue invitado &#8230;<\/p>\n","protected":false},"author":7,"featured_media":60423,"comment_status":"open","ping_status":"open","sticky":false,"template":"","format":"standard","meta":{"footnotes":""},"categories":[5],"tags":[],"class_list":["post-60422","post","type-post","status-publish","format-standard","has-post-thumbnail","hentry","category-actualidad"],"_links":{"self":[{"href":"https:\/\/vinasfm.com\/noticias\/wp-json\/wp\/v2\/posts\/60422","targetHints":{"allow":["GET"]}}],"collection":[{"href":"https:\/\/vinasfm.com\/noticias\/wp-json\/wp\/v2\/posts"}],"about":[{"href":"https:\/\/vinasfm.com\/noticias\/wp-json\/wp\/v2\/types\/post"}],"author":[{"embeddable":true,"href":"https:\/\/vinasfm.com\/noticias\/wp-json\/wp\/v2\/users\/7"}],"replies":[{"embeddable":true,"href":"https:\/\/vinasfm.com\/noticias\/wp-json\/wp\/v2\/comments?post=60422"}],"version-history":[{"count":1,"href":"https:\/\/vinasfm.com\/noticias\/wp-json\/wp\/v2\/posts\/60422\/revisions"}],"predecessor-version":[{"id":60424,"href":"https:\/\/vinasfm.com\/noticias\/wp-json\/wp\/v2\/posts\/60422\/revisions\/60424"}],"wp:featuredmedia":[{"embeddable":true,"href":"https:\/\/vinasfm.com\/noticias\/wp-json\/wp\/v2\/media\/60423"}],"wp:attachment":[{"href":"https:\/\/vinasfm.com\/noticias\/wp-json\/wp\/v2\/media?parent=60422"}],"wp:term":[{"taxonomy":"category","embeddable":true,"href":"https:\/\/vinasfm.com\/noticias\/wp-json\/wp\/v2\/categories?post=60422"},{"taxonomy":"post_tag","embeddable":true,"href":"https:\/\/vinasfm.com\/noticias\/wp-json\/wp\/v2\/tags?post=60422"}],"curies":[{"name":"wp","href":"https:\/\/api.w.org\/{rel}","templated":true}]}}