{"id":60376,"date":"2019-10-21T10:30:20","date_gmt":"2019-10-21T13:30:20","guid":{"rendered":"http:\/\/vinasfm.com\/noticias\/?p=60376"},"modified":"2019-10-22T10:01:26","modified_gmt":"2019-10-22T13:01:26","slug":"una-mujer-perdio-la-vida-en-un-tragico-accidente-protagonizado-por-un-conductor-alcoholizado","status":"publish","type":"post","link":"https:\/\/vinasfm.com\/noticias\/una-mujer-perdio-la-vida-en-un-tragico-accidente-protagonizado-por-un-conductor-alcoholizado\/","title":{"rendered":"UNA MUJER PERDI\u00d3 LA VIDA EN UN TR\u00c1GICO ACCIDENTE PROTAGONIZADO POR UN CONDUCTOR ALCOHOLIZADO"},"content":{"rendered":"<h4><strong>Un tr\u00e1gico accidente ocurrido en horas de la tarde de este domingo en Diagonal Carlos Pellegrini dej\u00f3 gravemente herido al conductor de uno de los veh\u00edculos intervinientes y se cobr\u00f3 la vida de la acompa\u00f1ante.<\/strong><\/h4>\n<p>El siniestro se produjo a las <strong>19:00<\/strong> cuando por <strong>Diagonal Carlos Pellegrini a metros de la intersecci\u00f3n con calle Usuahia,<\/strong>\u00a0un <strong>Peugeot 206<\/strong>, conducido por un hombre identificado como <strong>Hugo Alberto Galdeano <\/strong>(<strong><em>53<\/em><\/strong>) acompa\u00f1ado por la ciudadana <strong>Emilce Reta <\/strong>(<strong><em>65<\/em><\/strong>), <strong>fue impactado en la parte trasera por un Jeep Compass<\/strong> que se desplazaba a toda velocidad en id\u00e9ntico sentido, de oeste a este, <strong>hacia a Alvear Oeste<\/strong>.<\/p>\n<p>La camioneta <strong>Jeep<\/strong> hizo un medio giro tras el impacto contra la parte trasera del 206 y finaliz\u00f3 su marcha en la acequia, a metros de la capilla <strong>Santa Catalina de Siena<\/strong>.<\/p>\n<p><img loading=\"lazy\" decoding=\"async\" class=\" wp-image-60379 aligncenter\" src=\"http:\/\/vinasfm.com\/noticias\/wp-content\/uploads\/2019\/10\/IMG-20191020-WA0009-300x225.jpg\" alt=\"\" width=\"492\" height=\"369\" srcset=\"https:\/\/vinasfm.com\/noticias\/wp-content\/uploads\/2019\/10\/IMG-20191020-WA0009-300x225.jpg 300w, https:\/\/vinasfm.com\/noticias\/wp-content\/uploads\/2019\/10\/IMG-20191020-WA0009-768x576.jpg 768w, https:\/\/vinasfm.com\/noticias\/wp-content\/uploads\/2019\/10\/IMG-20191020-WA0009-1024x768.jpg 1024w, https:\/\/vinasfm.com\/noticias\/wp-content\/uploads\/2019\/10\/IMG-20191020-WA0009.jpg 1280w\" sizes=\"auto, (max-width: 492px) 100vw, 492px\" \/><\/p>\n<p>Producto del espectacular accidente, <strong>la acompa\u00f1ante perdi\u00f3 la vida en el lugar<\/strong> mientras que <strong>Galdeano sufri\u00f3 m\u00faltiples fracturas, traumatismo de cr\u00e1neo con herida cortante y traumatismo de abdomen<\/strong>, motivo por el cual fue trasladado a la <strong>Unidad de Terapia Intensiva<\/strong> del nosocomio local donde fue estabilizado y se le est\u00e1n realizando estudios.<\/p>\n<p>Al mando del <strong>Jeep Compass<\/strong> iba un hombre identificado como <strong>Gabriel Dami\u00e1n Gonzalez Ledes <\/strong>(<em><strong>39<\/strong><\/em>) oriundo de <strong>Parera<\/strong>, <strong>La Pampa<\/strong>, quien seg\u00fan testigos <strong><em>hab\u00eda cruzado los sem\u00e1foros en rojo durante el trayecto y dos ciclistas se hab\u00edan salvado milagrosamente<\/em><\/strong>. Cuando los uniformados intentaron aprehender al conductor, este <strong>comenz\u00f3 agredirlos f\u00edsica y verbalmente.<\/strong><\/p>\n<p>Desbordados de indignaci\u00f3n,\u00a0<strong>los vecinos hab\u00edan rodeado la camioneta\u00a0<\/strong>y primero\u00a0<strong>le dispararon con toda una artiller\u00eda de insultos<\/strong>\u00a0a Gonz\u00e1lez para\u00a0<strong>despu\u00e9s\u00a0<\/strong>dar lugar a los\u00a0<strong>aplausos cuando los agentes lo llevaban esposado.<\/strong><\/p>\n<p>Al realizarle el control de alcoholemia, <strong>los efectivos constataron que ten\u00eda 1,03 de alcohol en sangre, m\u00e1s del doble del m\u00e1ximo permitido por la ley de tr\u00e1nsito provincial,<\/strong> por lo que fue trasladado con consigna policial al <strong>Hospital \u00abEnfermeros Argentinos\u00bb<\/strong> donde se encuentra alojado.<\/p>\n<p><img loading=\"lazy\" decoding=\"async\" class=\" wp-image-60378 aligncenter\" src=\"http:\/\/vinasfm.com\/noticias\/wp-content\/uploads\/2019\/10\/IMG-20191020-WA0012-300x225.jpg\" alt=\"\" width=\"513\" height=\"385\" srcset=\"https:\/\/vinasfm.com\/noticias\/wp-content\/uploads\/2019\/10\/IMG-20191020-WA0012-300x225.jpg 300w, https:\/\/vinasfm.com\/noticias\/wp-content\/uploads\/2019\/10\/IMG-20191020-WA0012.jpg 534w\" sizes=\"auto, (max-width: 513px) 100vw, 513px\" \/><\/p>\n<p>La justicia interviniente caratul\u00f3 el hecho \u201c<strong>Homicidio culposo agravado por conducci\u00f3n antirreglamentaria<\/strong>\u201d aunque no se descarta, en base a las pruebas que surjan, que esa acusaci\u00f3n se agrave a un \u201c<strong>Homicidio con dolo eventual<\/strong>\u201d.<\/p>\n<p>La magnitud del accidente y las consecuencias generaron consternaci\u00f3n en la poblaci\u00f3n y\u00a0<strong>el intendente Walther Marcolini tambi\u00e9n se hizo eco de ese dolor y a la vez malestar por la muerte de Reta,\u00a0<\/strong>que era una militante de su sector.<\/p>\n<p>\u201c<em>Debo informar con mucho pesar que ha fallecido tr\u00e1gicamente la se\u00f1ora Emilce Reta. Ayer estuvo con nosotros en la marcha del S\u00ed se puede. Milit\u00f3 mucho en esta \u00faltima campa\u00f1a para intendente y gobernador. Un conductor presuntamente alcoholizado ha truncado su vida. Que en paz descanse<\/em>\u201d, poste\u00f3 el jefe comunal.<\/p>\n<h5><em>\u2022Fernando Burett (F.M. Vi\u00f1as).<\/em><\/h5>\n","protected":false},"excerpt":{"rendered":"<p>Un tr\u00e1gico accidente ocurrido en horas de la tarde de este domingo en Diagonal Carlos Pellegrini dej\u00f3 gravemente herido al conductor &#8230;<\/p>\n","protected":false},"author":8,"featured_media":60377,"comment_status":"open","ping_status":"open","sticky":false,"template":"","format":"standard","meta":{"footnotes":""},"categories":[1],"tags":[],"class_list":["post-60376","post","type-post","status-publish","format-standard","has-post-thumbnail","hentry","category-fmvinas"],"_links":{"self":[{"href":"https:\/\/vinasfm.com\/noticias\/wp-json\/wp\/v2\/posts\/60376","targetHints":{"allow":["GET"]}}],"collection":[{"href":"https:\/\/vinasfm.com\/noticias\/wp-json\/wp\/v2\/posts"}],"about":[{"href":"https:\/\/vinasfm.com\/noticias\/wp-json\/wp\/v2\/types\/post"}],"author":[{"embeddable":true,"href":"https:\/\/vinasfm.com\/noticias\/wp-json\/wp\/v2\/users\/8"}],"replies":[{"embeddable":true,"href":"https:\/\/vinasfm.com\/noticias\/wp-json\/wp\/v2\/comments?post=60376"}],"version-history":[{"count":2,"href":"https:\/\/vinasfm.com\/noticias\/wp-json\/wp\/v2\/posts\/60376\/revisions"}],"predecessor-version":[{"id":60447,"href":"https:\/\/vinasfm.com\/noticias\/wp-json\/wp\/v2\/posts\/60376\/revisions\/60447"}],"wp:featuredmedia":[{"embeddable":true,"href":"https:\/\/vinasfm.com\/noticias\/wp-json\/wp\/v2\/media\/60377"}],"wp:attachment":[{"href":"https:\/\/vinasfm.com\/noticias\/wp-json\/wp\/v2\/media?parent=60376"}],"wp:term":[{"taxonomy":"category","embeddable":true,"href":"https:\/\/vinasfm.com\/noticias\/wp-json\/wp\/v2\/categories?post=60376"},{"taxonomy":"post_tag","embeddable":true,"href":"https:\/\/vinasfm.com\/noticias\/wp-json\/wp\/v2\/tags?post=60376"}],"curies":[{"name":"wp","href":"https:\/\/api.w.org\/{rel}","templated":true}]}}