{"id":60270,"date":"2019-10-18T06:25:22","date_gmt":"2019-10-18T09:25:22","guid":{"rendered":"http:\/\/vinasfm.com\/noticias\/?p=60270"},"modified":"2019-10-19T09:17:42","modified_gmt":"2019-10-19T12:17:42","slug":"cesantearon-a-un-empleado-de-salud-alvearense-que-trabajaba-para-un-legislador-del-pj","status":"publish","type":"post","link":"https:\/\/vinasfm.com\/noticias\/cesantearon-a-un-empleado-de-salud-alvearense-que-trabajaba-para-un-legislador-del-pj\/","title":{"rendered":"CESANTEARON A UN EMPLEADO DE SALUD ALVEARENSE QUE TRABAJABA PARA UN LEGISLADOR DEL PJ"},"content":{"rendered":"<h4><strong>Seg\u00fan explica el decreto 2300 publicado este viernes en el Bolet\u00edn Oficial, el caso se remite al a\u00f1o 2013. El empleado cobraba en el Ministerio de Salud, pero estaba desempe\u00f1\u00e1ndose como asesor del ex diputado Eduardo Dar\u00edo Casado.\u00a0<\/strong><\/h4>\n<p>El\u00a0 gobernador\u00a0<strong>Alfredo Cornejo<\/strong>\u00a0y la ministra de Salud\u00a0<strong>Elisabeth Crescitelli<\/strong>\u00a0firmaron la cesant\u00eda de un empleado que durante a\u00f1os se desempe\u00f1\u00f3 como asesor de un exlegislador del PJ. Seg\u00fan consta en el decreto 2300, firmado el 9 de octubre, el asesor alvearense no justific\u00f3 inasistencias a su cargo en el\u00a0<strong>Ministerio de Salud<\/strong>\u00a0entre enero del 2013 y septiembre de ese a\u00f1o.<\/p>\n<p>Seg\u00fan los argumentos que se pueden leer en el decreto, \u00abel agente\u00a0no habr\u00eda justificado en tiempo y forma el presentismo, no acreditando la concurrencia a sus labores durante los meses de enero a setiembre de 2013, pese a las notificaciones efectuadas oportunamente\u00bb. A ra\u00edz de ello,\u00a0<strong>en noviembre del 2013 se suspendieron los haberes de este empleado que no ha estado cobrando\u00a0<\/strong>pero sigue figurando como empleado de planta.<\/p>\n<p>Al indagar sobre la situaci\u00f3n del trabajador, constataron que\u00a0<strong>hab\u00eda estado desempe\u00f1ando funciones\u00a0en el Bloque FPV \u2013Eje Peronista Honorable C\u00e1mara de Senadores<\/strong>. Adem\u00e1s, \u00ab<em>la Instrucci\u00f3n Sumarial orden\u00f3 requerir, mediante oficio de estilo, a la Honorable C\u00e1mara de Diputados de la\u00a0Provincia de Mendoza\u00a0y a la ex Direcci\u00f3n de Ni\u00f1ez, Adolescencia y Familia, del Departamento General Alvear, a fin que remitieran informes sobre el periodo por el cual el sumariado, cumpli\u00f3 funciones en ambas reparticiones<\/em>\u00ab.<\/p>\n<p>Si bien la C\u00e1mara de Diputados aclar\u00f3 que no hab\u00eda registro formal de una adscripci\u00f3n o misi\u00f3n especial para el empleado, se\u00f1alaron a los sumariantes que \u00ab<em><strong>podr\u00eda haber ocurrido que el ex Diputado Eduardo Dar\u00edo Casado, perteneciente durante su mandato, al Bloque Frente para la Victoria, hubiese efectuado el tr\u00e1mite en forma directa<\/strong>\u00a0sin cursar pedido a trav\u00e9s de la Presidencia de la Honorable C\u00e1mara de Diputados de la Provincia de Mendoza\u00bb<\/em>.<\/p>\n<p>Con toda esa informaci\u00f3n,\u00a0la Instrucci\u00f3n Sumarial concluye que el accionar del agente,\u00a0<strong>resulta impropio e incompatible con las funciones que ven\u00eda desempe\u00f1ando, torn\u00e1ndolo pasible de la sanci\u00f3n de cesant\u00eda<\/strong>. Por su parte, la Honorable Junta de Disciplina de la Subsecretar\u00eda de Desarrollo Social del Ministerio de Salud, Desarrollo Social y Deportes, comparte el criterio de la Instrucci\u00f3n Sumarial.<\/p>\n<h5><em>Fuente: MDZ. \/ Edici\u00f3n: F.B. (F.M. Vi\u00f1as).<\/em><\/h5>\n","protected":false},"excerpt":{"rendered":"<p>Seg\u00fan explica el decreto 2300 publicado este viernes en el Bolet\u00edn Oficial, el caso se remite al a\u00f1o 2013. El empleado &#8230;<\/p>\n","protected":false},"author":8,"featured_media":60271,"comment_status":"open","ping_status":"open","sticky":false,"template":"","format":"standard","meta":{"footnotes":""},"categories":[5,10],"tags":[],"class_list":["post-60270","post","type-post","status-publish","format-standard","has-post-thumbnail","hentry","category-actualidad","category-destacadas"],"_links":{"self":[{"href":"https:\/\/vinasfm.com\/noticias\/wp-json\/wp\/v2\/posts\/60270","targetHints":{"allow":["GET"]}}],"collection":[{"href":"https:\/\/vinasfm.com\/noticias\/wp-json\/wp\/v2\/posts"}],"about":[{"href":"https:\/\/vinasfm.com\/noticias\/wp-json\/wp\/v2\/types\/post"}],"author":[{"embeddable":true,"href":"https:\/\/vinasfm.com\/noticias\/wp-json\/wp\/v2\/users\/8"}],"replies":[{"embeddable":true,"href":"https:\/\/vinasfm.com\/noticias\/wp-json\/wp\/v2\/comments?post=60270"}],"version-history":[{"count":1,"href":"https:\/\/vinasfm.com\/noticias\/wp-json\/wp\/v2\/posts\/60270\/revisions"}],"predecessor-version":[{"id":60292,"href":"https:\/\/vinasfm.com\/noticias\/wp-json\/wp\/v2\/posts\/60270\/revisions\/60292"}],"wp:featuredmedia":[{"embeddable":true,"href":"https:\/\/vinasfm.com\/noticias\/wp-json\/wp\/v2\/media\/60271"}],"wp:attachment":[{"href":"https:\/\/vinasfm.com\/noticias\/wp-json\/wp\/v2\/media?parent=60270"}],"wp:term":[{"taxonomy":"category","embeddable":true,"href":"https:\/\/vinasfm.com\/noticias\/wp-json\/wp\/v2\/categories?post=60270"},{"taxonomy":"post_tag","embeddable":true,"href":"https:\/\/vinasfm.com\/noticias\/wp-json\/wp\/v2\/tags?post=60270"}],"curies":[{"name":"wp","href":"https:\/\/api.w.org\/{rel}","templated":true}]}}