{"id":60191,"date":"2019-10-17T06:17:41","date_gmt":"2019-10-17T09:17:41","guid":{"rendered":"http:\/\/vinasfm.com\/noticias\/?p=60191"},"modified":"2019-10-17T09:47:39","modified_gmt":"2019-10-17T12:47:39","slug":"gustavo-majstruk-explico-porque-avala-el-proyecto-de-hierro-indio","status":"publish","type":"post","link":"https:\/\/vinasfm.com\/noticias\/gustavo-majstruk-explico-porque-avala-el-proyecto-de-hierro-indio\/","title":{"rendered":"GUSTAVO MAJSTRUK EXPLIC\u00d3 PORQU\u00c9 AVALA EL PROYECTO DE HIERRO INDIO"},"content":{"rendered":"<h4><strong>Este pasado martes, la legislatura mendocina comenz\u00f3 a tratar el reflotado proyecto minero de Hierro Indio.\u201cA diferencia de lo que ocurri\u00f3 en 2.014, ha quedado bien delimitada la fase de exploraci\u00f3n, de la de explotaci\u00f3n\u201d, se\u00f1al\u00f3 en dialogo con F.M. Vi\u00f1as el Diputado Gustavo Majstruk (PJ).<\/strong><\/h4>\n<p>Esto significa que <strong>una vez concluida la etapa de exploraci\u00f3n<\/strong>, que podr\u00eda ser aprobada sin mayores cuestionamientos por ambas c\u00e1maras, <strong>se pasa a la fase de explotaci\u00f3n donde se requiere un tr\u00e1mite completo nuevamente, simil<\/strong>ar pero m\u00e1s riguroso.<\/p>\n<p>\u201c<em>Van a tener que volver a pedir el permiso correspondiente en Miner\u00eda, con la presentaci\u00f3n de la Declaraci\u00f3n de Impacto Ambiental para la etapa de explotaci\u00f3n y nuevamente pasar por la legislatura\u201d,<\/em> explic\u00f3 el legislador alvearense.<\/p>\n<p><strong>En el proceso anterior de 2.014 con el t\u00e9rmino de \u201cReapertura de Mina\u201d, quedaba como que una vez pasada la fase de exploraci\u00f3n, pod\u00edan avanzar directamente con la segunda etapa.<\/strong><\/p>\n<h4><strong>\u00bfQU\u00c9 PASA CON LA LEY 7.722?\u00a0\u00a0\u00a0\u00a0\u00a0\u00a0\u00a0\u00a0\u00a0 <\/strong><\/h4>\n<p>De acuerdo a lo manifestado por la empresa y el gobierno, n<strong>inguno de los dos procesos estar\u00eda incluido dentro de lo que proh\u00edbe la Ley 7.722.<\/strong><\/p>\n<p>A la hora de presentar los <strong>reparos Majstruk<\/strong> indic\u00f3 que hay un punto que no ha quedado claro y llama la atenci\u00f3n. \u201c<em>Durante la etapa de explotaci\u00f3n si se realiza por el m\u00e9todo de imantaci\u00f3n como lo ha expresado la empresa, habr\u00eda un <strong>alto nivel de polvillo <\/strong>y estando a dos kil\u00f3metros del r\u00edo Atuel podr\u00eda causar alg\u00fan impacto ambiental negativo\u201d<\/em>.<\/p>\n<p>En las pr\u00f3ximas semanas los legisladores se van a reunir con <strong>sectores ambientalistas y luego con la empresa minera<\/strong>, \u201cq<em>ueremos escuchar por parte de la empresa misma como ser\u00eda el m\u00e9todo de explotaci\u00f3n eventualmente\u201d<\/em>.<\/p>\n<p><strong><em>\u201cNo podr\u00edamos avanzar si necesitasen del recurso h\u00eddrico\u201d,<\/em><\/strong> concluy\u00f3 el Diputado peronista.<\/p>\n<h4>\u00bfD\u00d3NDE EST\u00c1 UBICADO HIERRO INDIO?<\/h4>\n<p><a href=\"http:\/\/vinasfm.com\/noticias\/wp-content\/uploads\/2019\/10\/hierro-indio-938x532.jpg\"><img loading=\"lazy\" decoding=\"async\" class=\"alignnone  wp-image-60193\" src=\"http:\/\/vinasfm.com\/noticias\/wp-content\/uploads\/2019\/10\/hierro-indio-938x532-300x170.jpg\" alt=\"\" width=\"656\" height=\"372\" srcset=\"https:\/\/vinasfm.com\/noticias\/wp-content\/uploads\/2019\/10\/hierro-indio-938x532-300x170.jpg 300w, https:\/\/vinasfm.com\/noticias\/wp-content\/uploads\/2019\/10\/hierro-indio-938x532-768x436.jpg 768w, https:\/\/vinasfm.com\/noticias\/wp-content\/uploads\/2019\/10\/hierro-indio-938x532.jpg 938w\" sizes=\"auto, (max-width: 656px) 100vw, 656px\" \/><\/a><\/p>\n<h5><strong>A.C.<\/strong><\/h5>\n","protected":false},"excerpt":{"rendered":"<p>Este pasado martes, la legislatura mendocina comenz\u00f3 a tratar el reflotado proyecto minero de Hierro Indio.\u201cA diferencia de lo que ocurri\u00f3 &#8230;<\/p>\n","protected":false},"author":7,"featured_media":40296,"comment_status":"open","ping_status":"open","sticky":false,"template":"","format":"standard","meta":{"footnotes":""},"categories":[1],"tags":[],"class_list":["post-60191","post","type-post","status-publish","format-standard","has-post-thumbnail","hentry","category-fmvinas"],"_links":{"self":[{"href":"https:\/\/vinasfm.com\/noticias\/wp-json\/wp\/v2\/posts\/60191","targetHints":{"allow":["GET"]}}],"collection":[{"href":"https:\/\/vinasfm.com\/noticias\/wp-json\/wp\/v2\/posts"}],"about":[{"href":"https:\/\/vinasfm.com\/noticias\/wp-json\/wp\/v2\/types\/post"}],"author":[{"embeddable":true,"href":"https:\/\/vinasfm.com\/noticias\/wp-json\/wp\/v2\/users\/7"}],"replies":[{"embeddable":true,"href":"https:\/\/vinasfm.com\/noticias\/wp-json\/wp\/v2\/comments?post=60191"}],"version-history":[{"count":1,"href":"https:\/\/vinasfm.com\/noticias\/wp-json\/wp\/v2\/posts\/60191\/revisions"}],"predecessor-version":[{"id":60194,"href":"https:\/\/vinasfm.com\/noticias\/wp-json\/wp\/v2\/posts\/60191\/revisions\/60194"}],"wp:featuredmedia":[{"embeddable":true,"href":"https:\/\/vinasfm.com\/noticias\/wp-json\/wp\/v2\/media\/40296"}],"wp:attachment":[{"href":"https:\/\/vinasfm.com\/noticias\/wp-json\/wp\/v2\/media?parent=60191"}],"wp:term":[{"taxonomy":"category","embeddable":true,"href":"https:\/\/vinasfm.com\/noticias\/wp-json\/wp\/v2\/categories?post=60191"},{"taxonomy":"post_tag","embeddable":true,"href":"https:\/\/vinasfm.com\/noticias\/wp-json\/wp\/v2\/tags?post=60191"}],"curies":[{"name":"wp","href":"https:\/\/api.w.org\/{rel}","templated":true}]}}