{"id":60169,"date":"2019-10-17T07:17:52","date_gmt":"2019-10-17T10:17:52","guid":{"rendered":"http:\/\/vinasfm.com\/noticias\/?p=60169"},"modified":"2019-10-18T11:31:57","modified_gmt":"2019-10-18T14:31:57","slug":"portezuelo-en-marcha-26-empresas-participaron-de-la-primera-visita-de-obra","status":"publish","type":"post","link":"https:\/\/vinasfm.com\/noticias\/portezuelo-en-marcha-26-empresas-participaron-de-la-primera-visita-de-obra\/","title":{"rendered":"PORTEZUELO EN MARCHA: 26 EMPRESAS PARTICIPARON DE LA PRIMERA VISITA DE OBRA"},"content":{"rendered":"<h4><strong>Se hicieron cinco paradas para conocer el emplazamiento de la presa, las rutas y las posibles localizaciones de obradores. Junto con los interesados estuvieron el ministro de Econom\u00eda, Infraestructura y Energ\u00eda, Mart\u00edn Kerchner, el subsecretario de Infraestructura Daniel Chicahuala y el intendente de Malarg\u00fce, Juan Manuel Ojeda.<\/strong><\/h4>\n<p>El Gobierno de Mendoza organiz\u00f3 la primera visita de obra en los emplazamientos que ser\u00e1n clave para la construcci\u00f3n de Portezuelo del Viento, la obra del siglo para la provincia.<\/p>\n<p>En esta primera recorrida participaron 26 empresas interesadas tanto en la construcci\u00f3n de la represa multiprop\u00f3sito como en sus obras anexas, ya que se requerir\u00e1n nuevos caminos, tendido el\u00e9ctrico y la relocalizaci\u00f3n del pueblo de Las Loicas.<\/p>\n<p>Durante el recorrido, que estuvo acompa\u00f1ado y guiado por miembros de Gendarmer\u00eda Nacional, estuvieron presentes el ministro de Econom\u00eda, Infraestructura y Energ\u00eda, Mart\u00edn Kerchner, el subsecretario de Infraestructura Daniel Chicahuala y el intendente de Malarg\u00fce, Juan Manuel Ojeda.<\/p>\n<p>El contingente parti\u00f3 a las 9 de la ma\u00f1ana desde la Municipalidad de Malarg\u00fce y tuvo cinco paradas. La primera fue en un puesto de Gendarmer\u00eda, en el cruce de la confluencia del r\u00edo Potimalal con el R\u00edo Grande, que ser\u00e1 el que alimentar\u00e1 la presa.<\/p>\n<p>\u201cEn esa primera parada se localizar\u00e1 el helipuerto\u201d, se\u00f1al\u00f3 Chicahuala, quien record\u00f3 que la posibilidad de despegue y aterrizaje de helic\u00f3pteros es vital para este tipo de obras.<\/p>\n<p>El recorrido continu\u00f3 5 kil\u00f3metros hacia la parte superior del R\u00edo Grande, donde se localizar\u00e1 la cortina de la presa. La tercera parada se hizo para visitar las canteras de donde se extraer\u00e1 gran parte del material para las edificaciones.<\/p>\n<p>Luego, empresarios y miembros del Gobierno se interiorizaron sobre la situaci\u00f3n del poblado de Las Loicas, que deber\u00e1 ser relocalizado. El recorrido sigui\u00f3 por la ruta 145, que deber\u00e1 ser acondicionada, y la nueva ruta 266.<\/p>\n<p><strong>Expectativas superadas<\/strong><\/p>\n<p>Kerchner asegur\u00f3 que la cantidad de empresas interesadas en la primera visita super\u00f3 todas las expectativas. \u201cTodo esto es muy positivo. Hemos registrado 26 empresas de todo tipo; provinciales, nacionales e internacionales\u201d, se\u00f1al\u00f3 el ministro.<\/p>\n<p>\u201cEsto muestra que hay un alto nivel de inter\u00e9s por este proyecto, que no me canso de decir que es la obra del siglo para Mendoza\u201d, dijo Kerchner, quien adem\u00e1s remarc\u00f3 que los empresarios de otras provincias y pa\u00edses viajaron especialmente para realizar el recorrido y conocer el terreno.<\/p>\n<p>\u201cEstamos ganando tiempo, sin apuro, pero sin pausa\u201d, dijo Kerchner. \u201cQueremos volver a decirles a los malarg\u00fcinos que Portezuelo est\u00e1 en camino\u201d.<\/p>\n<p>El ministro record\u00f3 que los recorridos organizados por el Gobierno son gratuitos para todos los interesados, y asegur\u00f3 que se har\u00e1 uno por mes hasta que se concrete el proceso licitatorio, en marzo.<\/p>\n<p>\u201cEl pliego establece que debe haber participaci\u00f3n mendocina y argentina en la construcci\u00f3n\u201d, record\u00f3 el ministro, quien remarc\u00f3 que para la generaci\u00f3n de empleo se dar\u00e1 prioridad a la gente de Malarg\u00fce, Sur de la provincia y Mendoza, para despu\u00e9s abrir los requerimientos al resto del pa\u00eds.<\/p>\n<p>La visita es obligatoria para las empresas y consorcios de empresas que luego quieran comprar los pliegos, por lo que en cada recorrido se extender\u00e1 un certificado.<\/p>\n<p>\u201cLos malarg\u00fcinos necesitamos este tipo de desarrollo, esta generaci\u00f3n de trabajo\u201d, remarc\u00f3 por su parte el intendente, Juan Manuel Ojeda.<\/p>\n<p>\u201cUno ve con alegr\u00eda c\u00f3mo esta obra del siglo va avanzando a paso firme, lo que muestra el compromiso de Alfredo Cornejo y del equipo que est\u00e1 haciendo la transici\u00f3n con el Gobernador electo, Rodolfo Su\u00e1rez\u201d, acot\u00f3 Ojeda.<\/p>\n<p><strong>Las capacitaciones gratuitas<\/strong><\/p>\n<p>Kerchner record\u00f3 que los vecinos de Malarg\u00fce y del resto de Mendoza que deseen cumplir con los requisitos para trabajar con las empresas ganadoras de los pliegos tienen a su disposici\u00f3n cursos gratuitos.<\/p>\n<p>\u201cSe est\u00e1n empezando a dar los cursos gracias al convenio con la Universidad Nacional de Cuyo y con el apoyo del Instituto de Desarrollo Industrial, Tecnol\u00f3gico y de Servicios (IDITS)\u201d, record\u00f3.<\/p>\n<p>Es una iniciativa in\u00e9dita que permitir\u00e1 a cientos de hombres y mujeres estudiar de forma gratuita durante un a\u00f1o en especializaciones t\u00e9cnicas que tienen y tendr\u00e1n mucha demanda no s\u00f3lo en Portezuelo sino tambi\u00e9n en proyectos a futuro.<\/p>\n<p>Los primeros cursos ser\u00e1n para las siguientes especialidades: operario el\u00e9ctrico, operario el\u00e9ctrico soldador, operario de mantenimiento de equipos mec\u00e1nicos, chofer de m\u00e1quinas viales y montador de sistemas de construcci\u00f3n en seco.<\/p>\n<p><strong>Las capacitaciones para los inscriptos comienzan en tres departamentos:<\/strong><\/p>\n<p><strong>Malarg\u00fce:<\/strong>\u00a0jueves 17\/10 de 16 a 19 en el Centro de Convenciones Tesaurus<\/p>\n<p><strong>General Alvear:<\/strong>\u00a0martes 22\/10 de 9.30 a 12.30 en el Multiespacio Cultural Bodega Fara\u00f3n, RN 188 y Calle 10.<\/p>\n<p><strong>San Rafael:<\/strong>\u00a0martes 22\/10 de 16 a 19 en el Centro de Congresos y Exposiciones Alfredo Bufano, Luis Tirasso 1025.<\/p>\n<p><strong>Herramientas a pymes locales<\/strong><\/p>\n<p>Las pymes locales tambi\u00e9n tendr\u00e1n herramientas gratuitas y apoyo del Gobierno para participar en lo que constituye la mayor obra de ingenier\u00eda civil de la historia de Mendoza.<\/p>\n<p>El IDITS ya firm\u00f3 convenios con el Cl\u00faster Energ\u00e9tico, IRAM y el INTI, con el objetivo es dar apoyo a las empresas peque\u00f1as y medianas que quieran alcanzar est\u00e1ndares de calidad y formar parte de la plataforma web de proveedores de todos los rubros: desde construcci\u00f3n hasta abastecimiento de comida y limpieza. Esta plataforma validar\u00e1 la territorialidad, capacidad y potencial de las empresas registradas, que adem\u00e1s podr\u00e1n participar en futuras obras planificadas por el Estado para todos los mendocinos.<\/p>\n<p>Las pymes mendocinas interesadas podr\u00e1n ingresar y postularse a los diversos requerimientos de las distintas instancias del proyecto.<\/p>\n<p>Para las empresas que se presenten a la licitaci\u00f3n, la plataforma mostrar\u00e1 las ofertas de productos y servicios que las pymes registradas disponen para su participaci\u00f3n como potenciales proveedoras.<\/p>\n<p>La obra, al ser multiprop\u00f3sito, contempla dar no s\u00f3lo energ\u00eda el\u00e9ctrica a m\u00e1s de 130 mil hogares sino tambi\u00e9n llevar riego a zonas que hoy est\u00e1n inactivas, adem\u00e1s de prevenir crecidas.<\/p>\n<p>Para saber m\u00e1s sobre Portezuelo del Viento, hacer clic aqu\u00ed:\u00a0<a href=\"http:\/\/www.economia.mendoza.gov.ar\/portezuelo-del-viento-un-hito-para-mendoza\/\">http:\/\/www.economia.mendoza.gov.ar\/portezuelo-del-viento-un-hito-para-mendoza\/<\/a><\/p>\n<p>Detalles t\u00e9cnicos que est\u00e1n a disposici\u00f3n de todo aquel que quiera interiorizarse<\/p>\n<p>Norma de Aprobaci\u00f3n del Llamado: 2063\/2019.<\/p>\n<p>Presupuesto Oficial Obra B\u00e1sica: US$ 884.042.000, IVA incluido.<\/p>\n<p>Mes base para del presupuesto: septiembre 2019.<\/p>\n<p>Precio del Pliego: US$ 300 mil.<\/p>\n<p>Modalidad de presentaci\u00f3n de ofertas: Presentaci\u00f3n simult\u00e1nea con apertura diferida.<\/p>\n<p>Fecha de presentaci\u00f3n de ofertas: 4 de marzo de 2020.<\/p>\n<p>Fecha de apertura Sobre 1: 4 de marzo de 2020.<\/p>\n<p>Fecha de apertura Sobre 2: 8 de abril de 2020.<\/p>\n<p>Fecha de apertura Sobre 3: 19 de agosto de 2020.<\/p>\n<p>Quienes necesiten realizar otras consultas deben dirigirse al correo electr\u00f3nico: licitaciones-infraestructura@mendoza.gov.ar.<\/p>\n<p>F.B. (F.M. Vi\u00f1as).<\/p>\n","protected":false},"excerpt":{"rendered":"<p>Se hicieron cinco paradas para conocer el emplazamiento de la presa, las rutas y las posibles localizaciones de obradores. Junto con &#8230;<\/p>\n","protected":false},"author":8,"featured_media":60170,"comment_status":"open","ping_status":"open","sticky":false,"template":"","format":"standard","meta":{"footnotes":""},"categories":[5,10],"tags":[],"class_list":["post-60169","post","type-post","status-publish","format-standard","has-post-thumbnail","hentry","category-actualidad","category-destacadas"],"_links":{"self":[{"href":"https:\/\/vinasfm.com\/noticias\/wp-json\/wp\/v2\/posts\/60169","targetHints":{"allow":["GET"]}}],"collection":[{"href":"https:\/\/vinasfm.com\/noticias\/wp-json\/wp\/v2\/posts"}],"about":[{"href":"https:\/\/vinasfm.com\/noticias\/wp-json\/wp\/v2\/types\/post"}],"author":[{"embeddable":true,"href":"https:\/\/vinasfm.com\/noticias\/wp-json\/wp\/v2\/users\/8"}],"replies":[{"embeddable":true,"href":"https:\/\/vinasfm.com\/noticias\/wp-json\/wp\/v2\/comments?post=60169"}],"version-history":[{"count":1,"href":"https:\/\/vinasfm.com\/noticias\/wp-json\/wp\/v2\/posts\/60169\/revisions"}],"predecessor-version":[{"id":60171,"href":"https:\/\/vinasfm.com\/noticias\/wp-json\/wp\/v2\/posts\/60169\/revisions\/60171"}],"wp:featuredmedia":[{"embeddable":true,"href":"https:\/\/vinasfm.com\/noticias\/wp-json\/wp\/v2\/media\/60170"}],"wp:attachment":[{"href":"https:\/\/vinasfm.com\/noticias\/wp-json\/wp\/v2\/media?parent=60169"}],"wp:term":[{"taxonomy":"category","embeddable":true,"href":"https:\/\/vinasfm.com\/noticias\/wp-json\/wp\/v2\/categories?post=60169"},{"taxonomy":"post_tag","embeddable":true,"href":"https:\/\/vinasfm.com\/noticias\/wp-json\/wp\/v2\/tags?post=60169"}],"curies":[{"name":"wp","href":"https:\/\/api.w.org\/{rel}","templated":true}]}}