{"id":60166,"date":"2019-10-17T02:13:39","date_gmt":"2019-10-17T05:13:39","guid":{"rendered":"http:\/\/vinasfm.com\/noticias\/?p=60166"},"modified":"2019-10-17T02:13:39","modified_gmt":"2019-10-17T05:13:39","slug":"fondo-compensador-agricola-extienden-el-plazo-de-adhesion-para-contratistas-de-vinas-y-frutales","status":"publish","type":"post","link":"https:\/\/vinasfm.com\/noticias\/fondo-compensador-agricola-extienden-el-plazo-de-adhesion-para-contratistas-de-vinas-y-frutales\/","title":{"rendered":"FONDO COMPENSADOR AGR\u00cdCOLA: EXTIENDEN EL PLAZO DE ADHESI\u00d3N PARA CONTRATISTAS DE VI\u00d1AS Y FRUTALES"},"content":{"rendered":"<h4><strong>El Ministerio de Econom\u00eda, Infraestructura y Energ\u00eda extiende el cierre de la\u00a0inscripci\u00f3n al Fondo Compensador Agr\u00edcola, temporada 2019-2020. La\u00a0pr\u00f3rroga es exclusiva para contratistas de vi\u00f1as y frutales.<\/strong><\/h4>\n<p>La modificaci\u00f3n del plazo responde a los reiterados pedidos que los\u00a0contratistas hicieron llegar a la Direcci\u00f3n de Agricultura y Contingencias\u00a0Clim\u00e1ticas (DACC), organismo encargado de administrar este fideicomiso que ofrece protecci\u00f3n para contratistas y productores que quieran asegurar m\u00e1s de\u00a020 hect\u00e1reas.<\/p>\n<p>Los interesados podr\u00e1n registrarse del 16 al 18 de octubre. El\u00a0tr\u00e1mite se puede completar personalmente o a trav\u00e9s del<a href=\"http:\/\/www.contingencias.mendoza.gov.ar\/\">\u00a0sitio de la\u00a0DACC.<\/a><\/p>\n<p>Una vez realizada la carga de datos, los adheridos podr\u00e1n obtener los boletos\u00a0en el\u00a0<a href=\"http:\/\/www.contingencias.mendoza.gov.ar\/\">sitio\u00a0<\/a>. Estar\u00e1n\u00a0disponibles a partir del mediod\u00eda del lunes 21.<\/p>\n<p>El vencimiento de la primera y segunda cuota, para los nuevos adheridos, se\u00a0extiende hasta el 31 de octubre. El pago se puede realizar en las sucursales de\u00a0Banco Naci\u00f3n y Banco Supervielle.<\/p>\n<p>El horario de atenci\u00f3n de las delegaciones y centros receptores de la DACC es de lunes a viernes de 8 a 13. Tambi\u00e9n se puede consultar\u00a0telef\u00f3nicamente a los tel\u00e9fonos 0261 4413252 y 4413264.<\/p>\n<p>En esta temporada, las compensaciones para los contratistas ser\u00e1n de $3.960\u00a0por hect\u00e1rea, en caso de que las p\u00e9rdidas sean del 100% de la producci\u00f3n. En\u00a0cuanto a las primas, deben abonar los siguientes montos: $177 por hect\u00e1rea en\u00a0la zona Norte y Centro, $222 en la zona Este y $262 en la zona Sur.<\/p>\n<p>F.B. (F.M. Vi\u00f1as).<\/p>\n","protected":false},"excerpt":{"rendered":"<p>El Ministerio de Econom\u00eda, Infraestructura y Energ\u00eda extiende el cierre de la\u00a0inscripci\u00f3n al Fondo Compensador Agr\u00edcola, temporada 2019-2020. La\u00a0pr\u00f3rroga es exclusiva &#8230;<\/p>\n","protected":false},"author":8,"featured_media":60167,"comment_status":"open","ping_status":"open","sticky":false,"template":"","format":"standard","meta":{"footnotes":""},"categories":[5,14],"tags":[],"class_list":["post-60166","post","type-post","status-publish","format-standard","has-post-thumbnail","hentry","category-actualidad","category-agro"],"_links":{"self":[{"href":"https:\/\/vinasfm.com\/noticias\/wp-json\/wp\/v2\/posts\/60166","targetHints":{"allow":["GET"]}}],"collection":[{"href":"https:\/\/vinasfm.com\/noticias\/wp-json\/wp\/v2\/posts"}],"about":[{"href":"https:\/\/vinasfm.com\/noticias\/wp-json\/wp\/v2\/types\/post"}],"author":[{"embeddable":true,"href":"https:\/\/vinasfm.com\/noticias\/wp-json\/wp\/v2\/users\/8"}],"replies":[{"embeddable":true,"href":"https:\/\/vinasfm.com\/noticias\/wp-json\/wp\/v2\/comments?post=60166"}],"version-history":[{"count":1,"href":"https:\/\/vinasfm.com\/noticias\/wp-json\/wp\/v2\/posts\/60166\/revisions"}],"predecessor-version":[{"id":60168,"href":"https:\/\/vinasfm.com\/noticias\/wp-json\/wp\/v2\/posts\/60166\/revisions\/60168"}],"wp:featuredmedia":[{"embeddable":true,"href":"https:\/\/vinasfm.com\/noticias\/wp-json\/wp\/v2\/media\/60167"}],"wp:attachment":[{"href":"https:\/\/vinasfm.com\/noticias\/wp-json\/wp\/v2\/media?parent=60166"}],"wp:term":[{"taxonomy":"category","embeddable":true,"href":"https:\/\/vinasfm.com\/noticias\/wp-json\/wp\/v2\/categories?post=60166"},{"taxonomy":"post_tag","embeddable":true,"href":"https:\/\/vinasfm.com\/noticias\/wp-json\/wp\/v2\/tags?post=60166"}],"curies":[{"name":"wp","href":"https:\/\/api.w.org\/{rel}","templated":true}]}}