{"id":60122,"date":"2019-10-16T10:25:59","date_gmt":"2019-10-16T13:25:59","guid":{"rendered":"http:\/\/vinasfm.com\/noticias\/?p=60122"},"modified":"2019-10-16T10:34:46","modified_gmt":"2019-10-16T13:34:46","slug":"semana-de-lucha-contra-el-cancer-de-mamas","status":"publish","type":"post","link":"https:\/\/vinasfm.com\/noticias\/semana-de-lucha-contra-el-cancer-de-mamas\/","title":{"rendered":"SEMANA DE LUCHA CONTRA EL C\u00c1NCER DE MAMA"},"content":{"rendered":"<h4>Por iniciativa de la Organizaci\u00f3n Mundial de la Salud (OMS), el 19 de octubre es el D\u00eda Mundial de la lucha contra el c\u00e1ncer de mama\u200b y esta semana es la de la prevenci\u00f3n de la enfermedad.<\/h4>\n<p>En nuestro departamento el d\u00eda s\u00e1bado se va a realizar una <strong>caminata<\/strong> <strong>saludable,<\/strong> organizada por OSEP, LALCEC, el Municipio, el Hospital Enfermeros Argentinos y el \u00c1rea Departamental de Salud.<\/p>\n<p><em>\u201cSe va a salir desde la Delegaci\u00f3n de OSEP a la plaza departamental. All\u00ed <strong>vamos a tener folleter\u00eda e informaci\u00f3n, la ense\u00f1anza del autoexamen.<\/strong> Invitamos a todas las mujeres a que vayan\u201d<\/em>, reflej\u00f3 a F.M. Vi\u00f1as la Lic. en Obstetricia \u00a0Griselda Baldoni.<\/p>\n<p>En este marco, se viraliz\u00f3 por redes sociales el pedido de compartir un coraz\u00f3n rosado, con el siguiente mensaje \u201c<em>Hola, puedes poner un coraz\u00f3n en tu estado, sin comentarios, solo un coraz\u00f3n, y enviar este mensaje a todos tus contactos femeninos?. Es para las mujeres, para recordar que es la semana de la prevenci\u00f3n del c\u00e1ncer de mama\u201d<\/em>. La leyenda apareci\u00f3 como una invitaci\u00f3n en los mensajes de WhatsApp, y tambi\u00e9n en Facebook.<\/p>\n<p><strong>El c\u00e1ncer de mama es uno de los m\u00e1s frecuentes en el pa\u00eds y en el mundo.<\/strong> Cada a\u00f1o, a nivel internacional se diagnostican 1,67 millones de casos, de los cuales unos 19.000 corresponden a la Argentina.<\/p>\n<p>Por normal general, los \u00f3rganos est\u00e1n formados por c\u00e9lulas que se dividen de forma ordenada para reemplazar las envejecidas o muertas y cada c\u00e9lula posee una serie de mecanismos de control que regulan este proceso. Cuando se alteran dichos mecanismos, la divisi\u00f3n pasa a ser incontrolada, lo que produce el tumor.<\/p>\n<p>En el caso del c\u00e1ncer de mama, es posible que este tumor sea benigno y no pueda invadir otras partes del organismo, pero es necesario un control sobre su desarrollo, tanto en casa como por parte del especialista. Existen determinados factores de riesgo por los que es necesario intensificar las medidas preventivas, tanto a trav\u00e9s de la autoexploraci\u00f3n como a trav\u00e9s de las mamograf\u00edas.<\/p>\n<p>Es importante no olvidar que los hombres tambi\u00e9n pueden sufrir un c\u00e1ncer de mama, patolog\u00eda que est\u00e1 aumentando su incidencia en el colectivo masculino en los \u00faltimos a\u00f1os.<\/p>\n<p>La manifestaci\u00f3n del c\u00e1ncer de mama en el var\u00f3n es similar a la de la mujer, la diferencia es que su aparici\u00f3n suele retrasarse diez a\u00f1os m\u00e1s que en las mujeres y, a la hora de enfocar un tratamiento, los especialistas suelen decantarse por la mastectom\u00eda o extirpaci\u00f3n de las gl\u00e1ndulas mamarias.<\/p>\n<p>En lo que respecta a las mujeres, los pasos a realizar en la palpaci\u00f3n mamaria son los siguientes:<\/p>\n<ul>\n<li>Con los brazos colgando a ambos lados del cuerpo, se debe observar si los senos presentan el aspecto y tama\u00f1o habituales.<\/li>\n<li>Colocando las manos detr\u00e1s de la cabeza, el segundo paso es observar los pezones, buscando alguna secreci\u00f3n anormal de l\u00edquido claro, lechoso o sanguinolento.<\/li>\n<li>Despu\u00e9s, se deben estirar los brazos hacia arriba para poder ver si existe alguna diferencia en el tama\u00f1o o forma de ambas mamas, adem\u00e1s de observar si se presentan bultos en las axilas.<\/li>\n<li>Cuando se d\u00e9 por finalizado el examen vertical, la paciente se acuesta sobre una superficie plana, colocando el brazo del mismo lado detr\u00e1s de la cabeza y apoyando la cabeza en una almohada. Se debe palpar con la yema de los dedos, presionando el seno con movimientos circulares y comenzando desde la zona m\u00e1s alejada del pez\u00f3n.<\/li>\n<\/ul>\n<p>Muchas veces, los especialistas recomiendan llevar a cabo esta exploraci\u00f3n en la ducha ya que la piel se encuentra m\u00e1s resbaladiza y es m\u00e1s sencillo detectar posibles protuberancias.<\/p>\n<p><strong>Prevenir el c\u00e1ncer de mama<\/strong><\/p>\n<p>Seg\u00fan la Organizaci\u00f3n Mundial de la Salud, el c\u00e1ncer de mama no es una patolog\u00eda que se pueda prevenir, sin embargo, existen estudios recientes en los que se ha demostrado que el riesgo de padecerlo puede disminuir realizando ejercicio f\u00edsico de forma regular (al menos cuatro horas a la semana).<\/p>\n<p>Adem\u00e1s de actividad f\u00edsica, optar por alimentos saludables y el control en el consumo de alcohol, pueden ayudar a reducir las posibilidades de sufrir obesidad o sobrepeso, lo que podr\u00eda disminuir la incidencia de c\u00e1ncer de mama a largo plazo.<\/p>\n<p>Pero, aunque con las medidas preventivas se puede disminuir significativamente el riesgo de padecer c\u00e1ncer de mama, \u201c\u00e9stas no son suficientes si no se lleva a cabo una detecci\u00f3n precoz con vistas a mejorar el pron\u00f3stico y la supervivencia de esta patolog\u00eda, sobre todo, en pa\u00edses con ingresos bajos\u201d, a\u00f1ade la Organizaci\u00f3n Mundial de la Salud.<\/p>\n<h5><strong><em>A.C.<\/em><\/strong><\/h5>\n","protected":false},"excerpt":{"rendered":"<p>Por iniciativa de la Organizaci\u00f3n Mundial de la Salud (OMS), el 19 de octubre es el D\u00eda Mundial de la lucha &#8230;<\/p>\n","protected":false},"author":7,"featured_media":60123,"comment_status":"open","ping_status":"open","sticky":false,"template":"","format":"standard","meta":{"footnotes":""},"categories":[5,15],"tags":[],"class_list":["post-60122","post","type-post","status-publish","format-standard","has-post-thumbnail","hentry","category-actualidad","category-salud"],"_links":{"self":[{"href":"https:\/\/vinasfm.com\/noticias\/wp-json\/wp\/v2\/posts\/60122","targetHints":{"allow":["GET"]}}],"collection":[{"href":"https:\/\/vinasfm.com\/noticias\/wp-json\/wp\/v2\/posts"}],"about":[{"href":"https:\/\/vinasfm.com\/noticias\/wp-json\/wp\/v2\/types\/post"}],"author":[{"embeddable":true,"href":"https:\/\/vinasfm.com\/noticias\/wp-json\/wp\/v2\/users\/7"}],"replies":[{"embeddable":true,"href":"https:\/\/vinasfm.com\/noticias\/wp-json\/wp\/v2\/comments?post=60122"}],"version-history":[{"count":2,"href":"https:\/\/vinasfm.com\/noticias\/wp-json\/wp\/v2\/posts\/60122\/revisions"}],"predecessor-version":[{"id":60127,"href":"https:\/\/vinasfm.com\/noticias\/wp-json\/wp\/v2\/posts\/60122\/revisions\/60127"}],"wp:featuredmedia":[{"embeddable":true,"href":"https:\/\/vinasfm.com\/noticias\/wp-json\/wp\/v2\/media\/60123"}],"wp:attachment":[{"href":"https:\/\/vinasfm.com\/noticias\/wp-json\/wp\/v2\/media?parent=60122"}],"wp:term":[{"taxonomy":"category","embeddable":true,"href":"https:\/\/vinasfm.com\/noticias\/wp-json\/wp\/v2\/categories?post=60122"},{"taxonomy":"post_tag","embeddable":true,"href":"https:\/\/vinasfm.com\/noticias\/wp-json\/wp\/v2\/tags?post=60122"}],"curies":[{"name":"wp","href":"https:\/\/api.w.org\/{rel}","templated":true}]}}