{"id":60070,"date":"2019-10-16T08:05:20","date_gmt":"2019-10-16T11:05:20","guid":{"rendered":"http:\/\/vinasfm.com\/noticias\/?p=60070"},"modified":"2019-10-17T08:48:17","modified_gmt":"2019-10-17T11:48:17","slug":"se-propuso-distinguir-a-joaquin-vergara-por-su-emprendimiento-protesis-con-impresion-3d","status":"publish","type":"post","link":"https:\/\/vinasfm.com\/noticias\/se-propuso-distinguir-a-joaquin-vergara-por-su-emprendimiento-protesis-con-impresion-3d\/","title":{"rendered":"SE PROPUSO DISTINGUIR A JOAQU\u00cdN VERGARA POR SU EMPRENDIMIENTO \u2018PR\u00d3TESIS CON IMPRESI\u00d3N 3D\u2019"},"content":{"rendered":"<h4><strong>En la Sesi\u00f3n Ordinaria del pasado jueves 10 de octubre, se propuso distinguir el desempe\u00f1o de Joaqu\u00edn Vergara, por su emprendimiento \u00abElaboraci\u00f3n de pr\u00f3tesis con impresi\u00f3n 3D\u00bb. Este proyecto de Resoluci\u00f3n fue presentado por el Bloque Radical.<\/strong><\/h4>\n<p><strong>El joven alvearense de 19 a\u00f1os finaliz\u00f3 sus estudios en la Escuela Agricultura<\/strong> de la UNCuyo, y en <strong>abril del 2018 comenz\u00f3 con este emprendimiento con s\u00f3lo 2 m\u00e1quinas<\/strong>.<br \/>\nActualmente, <strong>cuenta con 4 m\u00e1quinas<\/strong>, dos de elaboraci\u00f3n propia y dos obtenidas del mercado de alta calidad. Gracias a sus conocimientos, <strong>ha ayudado a m\u00e1s de 24 personas del pa\u00eds<\/strong>, <strong>como as\u00ed tambi\u00e9n de otros pa\u00edses como M\u00e9xico<\/strong>.<\/p>\n<p><img loading=\"lazy\" decoding=\"async\" class=\" wp-image-60074 aligncenter\" src=\"http:\/\/vinasfm.com\/noticias\/wp-content\/uploads\/2019\/10\/5da0985dd1425_image-300x169-300x169.jpg\" alt=\"\" width=\"525\" height=\"296\" \/><\/p>\n<p>Es importante aclarar que, las personas que reciben las pr\u00f3tesis lo hacen de\u00a0<strong>manera gratuita<\/strong>, ya que Joaqu\u00edn se hace cargo de todos los gastos tanto de dise\u00f1o como de producci\u00f3n.<\/p>\n<p><strong>Vergara<\/strong>, ha tenido y tiene la posibilidad de viajar, para seguir capacit\u00e1ndose; adem\u00e1s, en la actualidad capacita a personas de varias partes del mundo para que puedan sumarse a la impresi\u00f3n de pr\u00f3tesis para aquellas personas que las necesitan.<\/p>\n<p>Su <strong>objetivo<\/strong> no es solamente poder ayudar, sino tambi\u00e9n <strong>generar conciencia en los adolescentes que tienen proyectos personales al igual que \u00e9l<\/strong>, para que se animen a hacerlos realidad.<\/p>\n<p><img loading=\"lazy\" decoding=\"async\" class=\" wp-image-60075 aligncenter\" src=\"http:\/\/vinasfm.com\/noticias\/wp-content\/uploads\/2019\/10\/5da098b79038b_image-300x169-300x169.jpg\" alt=\"\" width=\"508\" height=\"286\" \/><\/p>\n<p>Es por esto que, el <strong>Honorable Concejo Deliberante<\/strong> propone distinguir a <strong>Joaqu\u00edn Vergara<\/strong>, por el valioso aporte a la comunidad de General Alvear, el pa\u00eds y el mundo, a trav\u00e9s del desarrollo del emprendimiento \u00ab<strong>Pr\u00f3tesis con Impresi\u00f3n 3D<\/strong>\u00bb.<\/p>\n<h5><em>F.B. (F.M. Vi\u00f1as).<\/em><\/h5>\n","protected":false},"excerpt":{"rendered":"<p>En la Sesi\u00f3n Ordinaria del pasado jueves 10 de octubre, se propuso distinguir el desempe\u00f1o de Joaqu\u00edn Vergara, por su emprendimiento &#8230;<\/p>\n","protected":false},"author":8,"featured_media":60073,"comment_status":"open","ping_status":"open","sticky":false,"template":"","format":"standard","meta":{"footnotes":""},"categories":[5],"tags":[],"class_list":["post-60070","post","type-post","status-publish","format-standard","has-post-thumbnail","hentry","category-actualidad"],"_links":{"self":[{"href":"https:\/\/vinasfm.com\/noticias\/wp-json\/wp\/v2\/posts\/60070","targetHints":{"allow":["GET"]}}],"collection":[{"href":"https:\/\/vinasfm.com\/noticias\/wp-json\/wp\/v2\/posts"}],"about":[{"href":"https:\/\/vinasfm.com\/noticias\/wp-json\/wp\/v2\/types\/post"}],"author":[{"embeddable":true,"href":"https:\/\/vinasfm.com\/noticias\/wp-json\/wp\/v2\/users\/8"}],"replies":[{"embeddable":true,"href":"https:\/\/vinasfm.com\/noticias\/wp-json\/wp\/v2\/comments?post=60070"}],"version-history":[{"count":1,"href":"https:\/\/vinasfm.com\/noticias\/wp-json\/wp\/v2\/posts\/60070\/revisions"}],"predecessor-version":[{"id":60076,"href":"https:\/\/vinasfm.com\/noticias\/wp-json\/wp\/v2\/posts\/60070\/revisions\/60076"}],"wp:featuredmedia":[{"embeddable":true,"href":"https:\/\/vinasfm.com\/noticias\/wp-json\/wp\/v2\/media\/60073"}],"wp:attachment":[{"href":"https:\/\/vinasfm.com\/noticias\/wp-json\/wp\/v2\/media?parent=60070"}],"wp:term":[{"taxonomy":"category","embeddable":true,"href":"https:\/\/vinasfm.com\/noticias\/wp-json\/wp\/v2\/categories?post=60070"},{"taxonomy":"post_tag","embeddable":true,"href":"https:\/\/vinasfm.com\/noticias\/wp-json\/wp\/v2\/tags?post=60070"}],"curies":[{"name":"wp","href":"https:\/\/api.w.org\/{rel}","templated":true}]}}