{"id":60023,"date":"2019-10-15T06:00:07","date_gmt":"2019-10-15T09:00:07","guid":{"rendered":"http:\/\/vinasfm.com\/noticias\/?p=60023"},"modified":"2019-10-15T09:58:12","modified_gmt":"2019-10-15T12:58:12","slug":"hierro-indio-la-legislatura-comienza-el-debate-en-plenario-de-comisiones","status":"publish","type":"post","link":"https:\/\/vinasfm.com\/noticias\/hierro-indio-la-legislatura-comienza-el-debate-en-plenario-de-comisiones\/","title":{"rendered":"HIERRO INDIO: LA LEGISLATURA COMIENZA EL DEBATE EN PLENARIO DE COMISIONES"},"content":{"rendered":"<h4>La Legislatura provincial comenzar\u00e1 a debatir este martes, en plenario de comisiones, el primer (y en principio \u00fanico) proyecto minero a gran escala de la gesti\u00f3n de Alfredo Cornejo, el reflotado Hierro Indio.<\/h4>\n<p>Semanas atr\u00e1s, el Ejecutivo envi\u00f3 a la C\u00e1mara Baja la Declaraci\u00f3n de Impacto Ambiental (DIA) para la etapa de exploraci\u00f3n de la mina ubicada en Malarg\u00fce. Ya sin el \u00abdesorden administrativo\u00bb que, seg\u00fan el Gobierno, ten\u00eda la propuesta cuando pas\u00f3 por el mismo proceso legislativo en 2014 y fue rechazada, buscan avanzar r\u00e1pidamente en la discusi\u00f3n parlamentaria.<\/p>\n<p>Se prev\u00e9 que no habr\u00e1 mayores impedimentos para que la DIA sea aprobada, ya que\u00a0desde la oposici\u00f3n\u00a0&#8211; si bien no dieron precisiones &#8211; se mostraron favorables con la concreci\u00f3n de la explotaci\u00f3n de Hierro Indio en el sur mendocino.<\/p>\n<p>El a\u00f1o pasado,\u00a0senadores del peronismo hab\u00edan tratado de modificar la Ley 7722\u00a0para lograr, entre otros cambios, que los proyectos mineros no tuvieran que pasar obligatoriamente por la Legislatura. Sin embargo, no hubo consenso y los expedientes quedaron en stand by.<\/p>\n<p>Ahora, la iniciativa se trabajar\u00e1 en plenario de cuatro comisiones:\u00a0Ambiente y Recursos H\u00eddricos; Legislaci\u00f3n y Asuntos Constitucionales; Econom\u00eda, Energ\u00eda, Miner\u00eda e Industrias y Obras P\u00fablicas, Urbanismo y Vivienda.<\/p>\n<h5><strong><em>Fuente: Sitio Andino \/ A.C.<\/em><\/strong><\/h5>\n","protected":false},"excerpt":{"rendered":"<p>La Legislatura provincial comenzar\u00e1 a debatir este martes, en plenario de comisiones, el primer (y en principio \u00fanico) proyecto minero a &#8230;<\/p>\n","protected":false},"author":7,"featured_media":2367,"comment_status":"open","ping_status":"open","sticky":false,"template":"","format":"standard","meta":{"footnotes":""},"categories":[1],"tags":[],"class_list":["post-60023","post","type-post","status-publish","format-standard","has-post-thumbnail","hentry","category-fmvinas"],"_links":{"self":[{"href":"https:\/\/vinasfm.com\/noticias\/wp-json\/wp\/v2\/posts\/60023","targetHints":{"allow":["GET"]}}],"collection":[{"href":"https:\/\/vinasfm.com\/noticias\/wp-json\/wp\/v2\/posts"}],"about":[{"href":"https:\/\/vinasfm.com\/noticias\/wp-json\/wp\/v2\/types\/post"}],"author":[{"embeddable":true,"href":"https:\/\/vinasfm.com\/noticias\/wp-json\/wp\/v2\/users\/7"}],"replies":[{"embeddable":true,"href":"https:\/\/vinasfm.com\/noticias\/wp-json\/wp\/v2\/comments?post=60023"}],"version-history":[{"count":1,"href":"https:\/\/vinasfm.com\/noticias\/wp-json\/wp\/v2\/posts\/60023\/revisions"}],"predecessor-version":[{"id":60044,"href":"https:\/\/vinasfm.com\/noticias\/wp-json\/wp\/v2\/posts\/60023\/revisions\/60044"}],"wp:featuredmedia":[{"embeddable":true,"href":"https:\/\/vinasfm.com\/noticias\/wp-json\/wp\/v2\/media\/2367"}],"wp:attachment":[{"href":"https:\/\/vinasfm.com\/noticias\/wp-json\/wp\/v2\/media?parent=60023"}],"wp:term":[{"taxonomy":"category","embeddable":true,"href":"https:\/\/vinasfm.com\/noticias\/wp-json\/wp\/v2\/categories?post=60023"},{"taxonomy":"post_tag","embeddable":true,"href":"https:\/\/vinasfm.com\/noticias\/wp-json\/wp\/v2\/tags?post=60023"}],"curies":[{"name":"wp","href":"https:\/\/api.w.org\/{rel}","templated":true}]}}