{"id":60021,"date":"2019-10-15T07:54:07","date_gmt":"2019-10-15T10:54:07","guid":{"rendered":"http:\/\/vinasfm.com\/noticias\/?p=60021"},"modified":"2019-10-15T07:57:11","modified_gmt":"2019-10-15T10:57:11","slug":"acueducto-monte-coman-la-horqueta-todo-listo-para-la-apertura-de-los-sobres-de-la-licitacion","status":"publish","type":"post","link":"https:\/\/vinasfm.com\/noticias\/acueducto-monte-coman-la-horqueta-todo-listo-para-la-apertura-de-los-sobres-de-la-licitacion\/","title":{"rendered":"ACUEDUCTO MONTE COM\u00c1N LA HORQUETA: TODO LISTO PARA LA APERTURA DE LOS SOBRES DE LA LICITACI\u00d3N"},"content":{"rendered":"<p><strong>Luego de realizarse la \u00abconsulta significativa\u00bb el pasado 4 de octubre, requisito del Banco Interamericano de Desarrollo (BID) para otorgar el financiamiento de la obra, todo est\u00e1 listo para la apertura de las ofertas t\u00e9cnicas y econ\u00f3micas para su posterior an\u00e1lisis y adjudicaci\u00f3n.\u00a0<\/strong><\/p>\n<p>Se cumpli\u00f3 recientemente con la instancia obligatoria para avanzar con el financiamiento internacional que recibir\u00e1 la Provincia para concretar las obras del acueducto Monte Com\u00e1n-La Horqueta.<\/p>\n<p>Encabezada por representantes del Ministerio de Econom\u00eda, Infraestructura y Energ\u00eda, del Cl\u00faster Ganadero y del Departamento General de Irrigaci\u00f3n, la Consulta Significativa tuvo una importante concurrencia de p\u00fablico, interesado en los aspectos t\u00e9cnicos, ambientales y econ\u00f3micos del proyecto, que ya se encuentra en etapa licitatoria.<\/p>\n<p>\u201cEl encuentro fue muy positivo, sobre todo por el agradecimiento y reconocimiento de los productores, ya que, en un tiempo r\u00e9cord, se transform\u00f3 este proyecto en una realidad\u201d, indic\u00f3 Marit\u00e9 Badu\u00ed, coordinadora del Ministerio de Econom\u00eda, Infraestructura y Energ\u00eda.<\/p>\n<p>Fueron m\u00e1s de 50 beneficiarios directos e indirectos, representantes de la C\u00e1mara de Industria y Comercio de San Rafael, quienes participaron en la reuni\u00f3n y evacuaron dudas sobre ubicaci\u00f3n de las bornas comunitarias (a ning\u00fan productor le queda a m\u00e1s de 5 kil\u00f3metros la toma del agua), funcionamiento de las v\u00e1lvulas, ubicaci\u00f3n de los pozos de agua subterr\u00e1nea, mantenimiento de caminos y reembolso de los fondos.<\/p>\n<p>Cabe recordar que, dentro del proyecto, el Gobierno provincial decidi\u00f3 destinar 1,2 millones de d\u00f3lares, como aportes no reembolsables (ANR), para financiar el 40% de las obras intraprediales que encaren los beneficiarios con el fin de optimizar los puntos de toma de agua.<\/p>\n<p>La consulta significativa es condici\u00f3n necesaria del BID para autorizar la apertura de la licitaci\u00f3n, prevista para este 16 de octubre, momento en el que se abren las ofertas t\u00e9cnicas y econ\u00f3micas.<\/p>\n<p>Una vez cumplida esa instancia, comienza el proceso de an\u00e1lisis de ofertas, que deviene en la firma del acta de preadjudicaci\u00f3n. Luego, la comisi\u00f3n evaluadora sugiere la adjudicaci\u00f3n al BID para que otorgue la no objeci\u00f3n y, una vez finalizada esa instancia, se firma el contrato de inicio de obra.<\/p>\n<p>Cuando los trabajos est\u00e9n concluidos, el acueducto beneficiar\u00e1 a 75 productores ganaderos. Para ello, se instalar\u00e1n 31 bornas, 376 kil\u00f3metros de ca\u00f1er\u00eda, con 84 puntos de entrega de agua que, en total, irrigar\u00e1n una superficie de 434.580 hect\u00e1reas.<\/p>\n<h5><strong><em>A.C.<\/em><\/strong><\/h5>\n","protected":false},"excerpt":{"rendered":"<p>Luego de realizarse la \u00abconsulta significativa\u00bb el pasado 4 de octubre, requisito del Banco Interamericano de Desarrollo (BID) para otorgar el &#8230;<\/p>\n","protected":false},"author":7,"featured_media":59445,"comment_status":"open","ping_status":"open","sticky":false,"template":"","format":"standard","meta":{"footnotes":""},"categories":[5,24],"tags":[],"class_list":["post-60021","post","type-post","status-publish","format-standard","has-post-thumbnail","hentry","category-actualidad","category-ganaderia"],"_links":{"self":[{"href":"https:\/\/vinasfm.com\/noticias\/wp-json\/wp\/v2\/posts\/60021","targetHints":{"allow":["GET"]}}],"collection":[{"href":"https:\/\/vinasfm.com\/noticias\/wp-json\/wp\/v2\/posts"}],"about":[{"href":"https:\/\/vinasfm.com\/noticias\/wp-json\/wp\/v2\/types\/post"}],"author":[{"embeddable":true,"href":"https:\/\/vinasfm.com\/noticias\/wp-json\/wp\/v2\/users\/7"}],"replies":[{"embeddable":true,"href":"https:\/\/vinasfm.com\/noticias\/wp-json\/wp\/v2\/comments?post=60021"}],"version-history":[{"count":1,"href":"https:\/\/vinasfm.com\/noticias\/wp-json\/wp\/v2\/posts\/60021\/revisions"}],"predecessor-version":[{"id":60022,"href":"https:\/\/vinasfm.com\/noticias\/wp-json\/wp\/v2\/posts\/60021\/revisions\/60022"}],"wp:featuredmedia":[{"embeddable":true,"href":"https:\/\/vinasfm.com\/noticias\/wp-json\/wp\/v2\/media\/59445"}],"wp:attachment":[{"href":"https:\/\/vinasfm.com\/noticias\/wp-json\/wp\/v2\/media?parent=60021"}],"wp:term":[{"taxonomy":"category","embeddable":true,"href":"https:\/\/vinasfm.com\/noticias\/wp-json\/wp\/v2\/categories?post=60021"},{"taxonomy":"post_tag","embeddable":true,"href":"https:\/\/vinasfm.com\/noticias\/wp-json\/wp\/v2\/tags?post=60021"}],"curies":[{"name":"wp","href":"https:\/\/api.w.org\/{rel}","templated":true}]}}