{"id":59888,"date":"2019-10-12T05:00:18","date_gmt":"2019-10-12T08:00:18","guid":{"rendered":"http:\/\/vinasfm.com\/noticias\/?p=59888"},"modified":"2019-10-14T09:49:00","modified_gmt":"2019-10-14T12:49:00","slug":"el-bloque-pj-propuso-reconocer-la-trayectoria-de-angelo-zancan-y-de-la-escuela-mtb-alvear-terra","status":"publish","type":"post","link":"https:\/\/vinasfm.com\/noticias\/el-bloque-pj-propuso-reconocer-la-trayectoria-de-angelo-zancan-y-de-la-escuela-mtb-alvear-terra\/","title":{"rendered":"EL BLOQUE PJ PROPUSO RECONOCER LA TRAYECTORIA DE \u00c1NGELO ZANCAN Y DE LA ESCUELA MTB ALVEAR TERRA"},"content":{"rendered":"<h4><strong>En la Sesi\u00f3n Ordinaria de este jueves, el Bloque Justicialista\u00a0 present\u00f3 un proyecto de resoluci\u00f3n donde se propone reconocer la trayectoria del ciclista \u00c1ngelo Zancan y destacar la labor de la escuela de MTB ALVEAR TERRA.<\/strong><\/h4>\n<p>El joven ciclista participa activamente en la <strong>ESCUELA DE MTB <\/strong>(<strong>Mountain Bike<\/strong>) <strong>ALVEAR<\/strong> <strong>TERRA <\/strong>de nuestro Departamento. En su corta carrera, ha logrado numerosas e importantes distinciones en distintas competiciones a nivel nacional:<\/p>\n<ul>\n<li><strong>2do puesto Trasmonta\u00f1a 2017 (categor\u00eda menores).<\/strong><\/li>\n<li><strong>1er puesto instancia provincial juegos Sanmartinianos 2017 (modalidad XC- sub 14).<\/strong><\/li>\n<li><strong>Medalla de Oro Juegos Evita 2017, instancia Nacional (modalidad<\/strong><\/li>\n<li><strong>XCM).<\/strong><\/li>\n<li><strong>1er puesto, primera fecha campeonato provincial FACIMO de XCO (2018).<\/strong><\/li>\n<li><strong>2do puesto, segunda fecha campeonato provincial FACIMO de XCO (2018).<\/strong><\/li>\n<li><strong>1er puesto, tercera fecha campeonato provincial FACIMO de XCO (2018).<\/strong><\/li>\n<li><strong>1er puesto, cuarta fecha campeonato provincial FACIMO de XCO (2018).<\/strong><\/li>\n<li><strong>Campe\u00f3n Mendocino \u201cCampeonato Mendocino FACIMO de XCO.<\/strong><\/li>\n<li><strong>Clasificaci\u00f3n en la instancia provincial de los juegos Sanmartinianos 2018 (ciclismo de ruta).<\/strong><\/li>\n<li><strong>10mo puesto panamericano de XCM Chilecito, La Rioja, 2018.<\/strong><\/li>\n<li><strong>7mo puesto 1er fecha Abierto ACROSS INTERNACIONAL (2019).<\/strong><\/li>\n<li><strong>1er puesto Campeonato Argentino de XCM \u201cVuelta de Altas<\/strong><\/li>\n<li><strong>Cumbres\u201d, Mina Clavero C\u00f3rdoba y coronaci\u00f3n como Campe\u00f3nArgentino de XCM categor\u00eda Cadetes (2019).<\/strong><\/li>\n<li><strong>1er puesto, primera fecha campeonato provincial FACIMO de XCO (2019).<\/strong><\/li>\n<li><strong>1er puesto 2da fecha Abierto ACROSS INTERNACIONAL (2019).<\/strong><\/li>\n<li><strong>1er puesto, segunda fecha campeonato provincial FACIMO de XCO (2019).<\/strong><\/li>\n<li><strong>4to puesto Campeonato Argentino de Pista (vuelta puntuable)<\/strong><\/li>\n<li><strong>6to puesto Campeonato Argentino de Pista (2000 metros)<\/strong><\/li>\n<li><strong>5to puesto Campeonato Argentino de Pista (500 metros)<\/strong><\/li>\n<li><strong>1er puesto, Fecha \u00fanica Campeonato Argentino XCO Termas de Rio Hondo]<\/strong><\/li>\n<li><strong>2do puesto, MTB,\u00a0 Juegos Nacionales Evita.<\/strong><\/li>\n<\/ul>\n<div id=\"attachment_59891\" style=\"width: 240px\" class=\"wp-caption alignleft\"><img loading=\"lazy\" decoding=\"async\" aria-describedby=\"caption-attachment-59891\" class=\"wp-image-59891\" src=\"http:\/\/vinasfm.com\/noticias\/wp-content\/uploads\/2019\/10\/5da08e8b96bd0_image-300x169-300x169.jpg\" alt=\"\" width=\"240\" height=\"135\" \/><p id=\"caption-attachment-59891\" class=\"wp-caption-text\">Podio en Juegos Evita 2019.<\/p><\/div>\n<p>Por otro lado, cabe destacar la labor que lleva adelante \u00a0la <strong>ESCUELA DE MTB ALVEAR TERRA<\/strong>, que surge como iniciativa de los profesores en Educaci\u00f3n f\u00edsica Alberto G\u00f3mez y Viviana Lima. Su comienzo fue el 2012 en un bald\u00edo,\u00a0pero al poco tiempo el Club Banco Naci\u00f3n brind\u00f3 sus instalaciones para que funcione all\u00ed. En la actualidad, cuenta\u00a0 con m\u00e1s de 30 alumnos incorporando adultos a los entrenamientos sistematizados y adaptados a las necesidades de cada persona.<\/p>\n<p>&nbsp;<\/p>\n<p>La Escuela ha participado en las carreras m\u00e1s importantes fiscalizadas por FaCiMo, ente madre que fiscaliza la actividad: campeonatos argentinos, abierto across internacional, carreras zonales y locales. Tambi\u00e9n, se particip\u00f3 en el Panamericano de rally Marathon en ciudad de Chilecito, La Rioja obteniendo muy buenos resultado tanto de alumnos como profesores.<\/p>\n<h5><em>R.B. (F.M. Vi\u00f1as).<\/em><\/h5>\n","protected":false},"excerpt":{"rendered":"<p>En la Sesi\u00f3n Ordinaria de este jueves, el Bloque Justicialista\u00a0 present\u00f3 un proyecto de resoluci\u00f3n donde se propone reconocer la trayectoria &#8230;<\/p>\n","protected":false},"author":8,"featured_media":59890,"comment_status":"open","ping_status":"open","sticky":false,"template":"","format":"standard","meta":{"footnotes":""},"categories":[5,3,26],"tags":[],"class_list":["post-59888","post","type-post","status-publish","format-standard","has-post-thumbnail","hentry","category-actualidad","category-deportes","category-hcd"],"_links":{"self":[{"href":"https:\/\/vinasfm.com\/noticias\/wp-json\/wp\/v2\/posts\/59888","targetHints":{"allow":["GET"]}}],"collection":[{"href":"https:\/\/vinasfm.com\/noticias\/wp-json\/wp\/v2\/posts"}],"about":[{"href":"https:\/\/vinasfm.com\/noticias\/wp-json\/wp\/v2\/types\/post"}],"author":[{"embeddable":true,"href":"https:\/\/vinasfm.com\/noticias\/wp-json\/wp\/v2\/users\/8"}],"replies":[{"embeddable":true,"href":"https:\/\/vinasfm.com\/noticias\/wp-json\/wp\/v2\/comments?post=59888"}],"version-history":[{"count":1,"href":"https:\/\/vinasfm.com\/noticias\/wp-json\/wp\/v2\/posts\/59888\/revisions"}],"predecessor-version":[{"id":59895,"href":"https:\/\/vinasfm.com\/noticias\/wp-json\/wp\/v2\/posts\/59888\/revisions\/59895"}],"wp:featuredmedia":[{"embeddable":true,"href":"https:\/\/vinasfm.com\/noticias\/wp-json\/wp\/v2\/media\/59890"}],"wp:attachment":[{"href":"https:\/\/vinasfm.com\/noticias\/wp-json\/wp\/v2\/media?parent=59888"}],"wp:term":[{"taxonomy":"category","embeddable":true,"href":"https:\/\/vinasfm.com\/noticias\/wp-json\/wp\/v2\/categories?post=59888"},{"taxonomy":"post_tag","embeddable":true,"href":"https:\/\/vinasfm.com\/noticias\/wp-json\/wp\/v2\/tags?post=59888"}],"curies":[{"name":"wp","href":"https:\/\/api.w.org\/{rel}","templated":true}]}}