{"id":59872,"date":"2019-10-11T10:19:46","date_gmt":"2019-10-11T13:19:46","guid":{"rendered":"http:\/\/vinasfm.com\/noticias\/?p=59872"},"modified":"2019-10-11T10:31:38","modified_gmt":"2019-10-11T13:31:38","slug":"efemerides-hace-43-anos-abria-sus-puertas-el-actual-edificio-de-la-biblioteca-sarmiento","status":"publish","type":"post","link":"https:\/\/vinasfm.com\/noticias\/efemerides-hace-43-anos-abria-sus-puertas-el-actual-edificio-de-la-biblioteca-sarmiento\/","title":{"rendered":"EFEM\u00c9RIDES: HACE 43 A\u00d1OS ABR\u00cdA SUS PUERTAS EL ACTUAL EDIFICIO DE LA BIBLIOTECA SARMIENTO"},"content":{"rendered":"<h4><strong>El 11 de octubre de 1976, y luego de un emotivo acto, como s\u00edmbolo de la lucha mancomunada tras un ideal, se inaugura el nuevo y moderno edificio de calle Pi\u00e9rola, tiempo, esfuerzo y sacrificio dieron sus frutos.<\/strong><\/h4>\n<p>Al a\u00f1o siguiente se inaugura el <strong>Sal\u00f3n de Actos<\/strong>, se trata de una sala de 150 metros cuadrados con un escenario de 5 por 10 metros y una platea que permite la c\u00f3moda ubicaci\u00f3n a unas 200 personas.<\/p>\n<p>De aquellos t\u00edmidos comienzos en el sal\u00f3n de la esquina de calles Patricias Mendocinas y Paso de los Andes, con la atenci\u00f3n de su <strong>primer bibliotecario Justo Campi<\/strong>, en donde los mismos socios donaron los primeros libros, a la actualidad, donde se constituye como puntal cultural de nuestro departamento.<\/p>\n<p><img loading=\"lazy\" decoding=\"async\" class=\" wp-image-59874 aligncenter\" src=\"http:\/\/vinasfm.com\/noticias\/wp-content\/uploads\/2019\/10\/72481692_1011844022489459_6952190577655939072_n-300x166.jpg\" alt=\"\" width=\"530\" height=\"293\" srcset=\"https:\/\/vinasfm.com\/noticias\/wp-content\/uploads\/2019\/10\/72481692_1011844022489459_6952190577655939072_n-300x166.jpg 300w, https:\/\/vinasfm.com\/noticias\/wp-content\/uploads\/2019\/10\/72481692_1011844022489459_6952190577655939072_n-768x425.jpg 768w, https:\/\/vinasfm.com\/noticias\/wp-content\/uploads\/2019\/10\/72481692_1011844022489459_6952190577655939072_n-360x200.jpg 360w, https:\/\/vinasfm.com\/noticias\/wp-content\/uploads\/2019\/10\/72481692_1011844022489459_6952190577655939072_n.jpg 855w\" sizes=\"auto, (max-width: 530px) 100vw, 530px\" \/><\/p>\n<p>En el a\u00f1o 1946 se logra la donaci\u00f3n de un terreno de 1415 metros cuadrados sobre calle Patricias Mendocinas donde se realizaban distintas manifestaciones deportivas. Luego se cambia ese terreno por otro de 3350 metros cuadrados que pertenec\u00eda a la sucesi\u00f3n de Jos\u00e9 Sad. All\u00ed se hicieron cancha de b\u00e1squet y una casa-habitaci\u00f3n para un cuidador.<\/p>\n<p>En el <strong>a\u00f1o 1969<\/strong> la biblioteca reabre sus puertas en un local cedido por la se\u00f1ora <strong>Luc\u00eda Sad<\/strong>.<\/p>\n<p>En <strong>1971<\/strong> los <strong>arquitectos Alfredo Pedro y Alfredo Toujas<\/strong>, presentan el proyecto de sal\u00f3n de lectura y sal\u00f3n de actos, el cual es aprobado y se comienza a edificar. Nada resulta f\u00e1cil, pero con tenacidad y perseverancia, se lucha tras un ideal.<\/p>\n<p>A mediados de la d\u00e9cada del 70, Adolfo S\u00e1nchez, gerente de LV 23 radio R\u00edo Atuel en aquel momento, dispone de un espacio semanal dedicado en forma exclusiva, a la Biblioteca Domingo Faustino Sarmiento, donde da a conocer las actividades que la misma lleva adelante y desde la misma emisora, se lleva adelante una gran campa\u00f1a destinada a recaudar fondos para continuar con los trabajos de construcci\u00f3n del nuevo edificio. Estos fondos se suman a las partidas que destinan los gobiernos locales y provinciales para ayudar en la obra, m\u00e1s las ayudas de personas y empresas alvearenses quienes en forma particular realizan sus donaciones para concretar el sue\u00f1o, que se corona el 11 de octubre de 1976.<\/p>\n<h5><em>Fuente: Cr\u00f3nicas Departamentales\/ Edici\u00f3n: F.B.<\/em><\/h5>\n","protected":false},"excerpt":{"rendered":"<p>El 11 de octubre de 1976, y luego de un emotivo acto, como s\u00edmbolo de la lucha mancomunada tras un ideal, &#8230;<\/p>\n","protected":false},"author":8,"featured_media":59873,"comment_status":"open","ping_status":"open","sticky":false,"template":"","format":"standard","meta":{"footnotes":""},"categories":[5,27],"tags":[],"class_list":["post-59872","post","type-post","status-publish","format-standard","has-post-thumbnail","hentry","category-actualidad","category-efemerides"],"_links":{"self":[{"href":"https:\/\/vinasfm.com\/noticias\/wp-json\/wp\/v2\/posts\/59872","targetHints":{"allow":["GET"]}}],"collection":[{"href":"https:\/\/vinasfm.com\/noticias\/wp-json\/wp\/v2\/posts"}],"about":[{"href":"https:\/\/vinasfm.com\/noticias\/wp-json\/wp\/v2\/types\/post"}],"author":[{"embeddable":true,"href":"https:\/\/vinasfm.com\/noticias\/wp-json\/wp\/v2\/users\/8"}],"replies":[{"embeddable":true,"href":"https:\/\/vinasfm.com\/noticias\/wp-json\/wp\/v2\/comments?post=59872"}],"version-history":[{"count":2,"href":"https:\/\/vinasfm.com\/noticias\/wp-json\/wp\/v2\/posts\/59872\/revisions"}],"predecessor-version":[{"id":59877,"href":"https:\/\/vinasfm.com\/noticias\/wp-json\/wp\/v2\/posts\/59872\/revisions\/59877"}],"wp:featuredmedia":[{"embeddable":true,"href":"https:\/\/vinasfm.com\/noticias\/wp-json\/wp\/v2\/media\/59873"}],"wp:attachment":[{"href":"https:\/\/vinasfm.com\/noticias\/wp-json\/wp\/v2\/media?parent=59872"}],"wp:term":[{"taxonomy":"category","embeddable":true,"href":"https:\/\/vinasfm.com\/noticias\/wp-json\/wp\/v2\/categories?post=59872"},{"taxonomy":"post_tag","embeddable":true,"href":"https:\/\/vinasfm.com\/noticias\/wp-json\/wp\/v2\/tags?post=59872"}],"curies":[{"name":"wp","href":"https:\/\/api.w.org\/{rel}","templated":true}]}}