{"id":59866,"date":"2019-10-11T09:51:26","date_gmt":"2019-10-11T12:51:26","guid":{"rendered":"http:\/\/vinasfm.com\/noticias\/?p=59866"},"modified":"2019-10-11T10:40:07","modified_gmt":"2019-10-11T13:40:07","slug":"desde-el-h-c-d-pidieron-al-ministerio-de-seguridad-la-urgente-instalacion-de-una-subcomisaria-en-alvear-oeste","status":"publish","type":"post","link":"https:\/\/vinasfm.com\/noticias\/desde-el-h-c-d-pidieron-al-ministerio-de-seguridad-la-urgente-instalacion-de-una-subcomisaria-en-alvear-oeste\/","title":{"rendered":"DESDE EL H.C.D PIDIERON AL MINISTERIO DE SEGURIDAD LA URGENTE INSTALACI\u00d3N DE UNA SUBCOMISAR\u00cdA EN ALVEAR OESTE"},"content":{"rendered":"<h4>En la jornada del jueves durante la sesi\u00f3n ordinaria del Honorable Concejo Deliberante, se aprob\u00f3 de forma un\u00e1nime el proyecto presentado por el bloque del PJ, donde se le pide al Ministerio de Seguridad de la Provincia de Mendoza, la urgente instalaci\u00f3n de una subcomisaria en Alvear Oeste con la finalidad de luchar contra la inseguridad creciente en el distrito.<\/h4>\n<p>Actualmente <strong>Oeste cuenta con el paraje de Cuerpos Especiales, pero en el cual no se pueden radicar denuncias, tomar declaraciones, efectuar investigaciones judiciales ni policiales.<\/strong><\/p>\n<div id=\"attachment_35593\" style=\"width: 212px\" class=\"wp-caption alignright\"><a href=\"http:\/\/vinasfm.com\/noticias\/wp-content\/uploads\/2018\/06\/concejale-gustavo-vendramin.jpg\"><img loading=\"lazy\" decoding=\"async\" aria-describedby=\"caption-attachment-35593\" class=\"wp-image-35593\" src=\"http:\/\/vinasfm.com\/noticias\/wp-content\/uploads\/2018\/06\/concejale-gustavo-vendramin-300x284.jpg\" alt=\"\" width=\"212\" height=\"201\" srcset=\"https:\/\/vinasfm.com\/noticias\/wp-content\/uploads\/2018\/06\/concejale-gustavo-vendramin-300x284.jpg 300w, https:\/\/vinasfm.com\/noticias\/wp-content\/uploads\/2018\/06\/concejale-gustavo-vendramin-768x727.jpg 768w, https:\/\/vinasfm.com\/noticias\/wp-content\/uploads\/2018\/06\/concejale-gustavo-vendramin-1024x969.jpg 1024w\" sizes=\"auto, (max-width: 212px) 100vw, 212px\" \/><\/a><p id=\"caption-attachment-35593\" class=\"wp-caption-text\">Gustavo Vendram\u00edn, edil por el PJ.<\/p><\/div>\n<p>Se ha pedido tambi\u00e9n un<strong> destacamento para el B\u00b0 San Carlos y La Marzolina; la regularizaci\u00f3n del Destacamento en San Pedro del Atuel<\/strong>, por estos momentos sin recursos humanos ni capital.<\/p>\n<p>\u201c<em>Estamos en una crisis de seguridad importante en el departamento por ende necesitamos que la Provincia como \u00f3rgano competente tome cartas en el asunto y empiece a gestionar desde la pol\u00edtica a fin de darle respuesta a los ciudadanos\u201d<\/em>, manifest\u00f3 el edil justicialista Gustavo Vendramin.<\/p>\n<p><em><strong>A.C.<\/strong><\/em><\/p>\n","protected":false},"excerpt":{"rendered":"<p>En la jornada del jueves durante la sesi\u00f3n ordinaria del Honorable Concejo Deliberante, se aprob\u00f3 de forma un\u00e1nime el proyecto presentado &#8230;<\/p>\n","protected":false},"author":7,"featured_media":45436,"comment_status":"open","ping_status":"open","sticky":false,"template":"","format":"standard","meta":{"footnotes":""},"categories":[5,26],"tags":[],"class_list":["post-59866","post","type-post","status-publish","format-standard","has-post-thumbnail","hentry","category-actualidad","category-hcd"],"_links":{"self":[{"href":"https:\/\/vinasfm.com\/noticias\/wp-json\/wp\/v2\/posts\/59866","targetHints":{"allow":["GET"]}}],"collection":[{"href":"https:\/\/vinasfm.com\/noticias\/wp-json\/wp\/v2\/posts"}],"about":[{"href":"https:\/\/vinasfm.com\/noticias\/wp-json\/wp\/v2\/types\/post"}],"author":[{"embeddable":true,"href":"https:\/\/vinasfm.com\/noticias\/wp-json\/wp\/v2\/users\/7"}],"replies":[{"embeddable":true,"href":"https:\/\/vinasfm.com\/noticias\/wp-json\/wp\/v2\/comments?post=59866"}],"version-history":[{"count":1,"href":"https:\/\/vinasfm.com\/noticias\/wp-json\/wp\/v2\/posts\/59866\/revisions"}],"predecessor-version":[{"id":59881,"href":"https:\/\/vinasfm.com\/noticias\/wp-json\/wp\/v2\/posts\/59866\/revisions\/59881"}],"wp:featuredmedia":[{"embeddable":true,"href":"https:\/\/vinasfm.com\/noticias\/wp-json\/wp\/v2\/media\/45436"}],"wp:attachment":[{"href":"https:\/\/vinasfm.com\/noticias\/wp-json\/wp\/v2\/media?parent=59866"}],"wp:term":[{"taxonomy":"category","embeddable":true,"href":"https:\/\/vinasfm.com\/noticias\/wp-json\/wp\/v2\/categories?post=59866"},{"taxonomy":"post_tag","embeddable":true,"href":"https:\/\/vinasfm.com\/noticias\/wp-json\/wp\/v2\/tags?post=59866"}],"curies":[{"name":"wp","href":"https:\/\/api.w.org\/{rel}","templated":true}]}}