{"id":59856,"date":"2019-10-11T10:04:59","date_gmt":"2019-10-11T13:04:59","guid":{"rendered":"http:\/\/vinasfm.com\/noticias\/?p=59856"},"modified":"2019-10-11T10:04:59","modified_gmt":"2019-10-11T13:04:59","slug":"dia-del-respeto-a-la-diversidad-cultural-este-sabado-12-sera-feriado-y-el-lunes-14-dia-no-laborable-con-fines-turisticos","status":"publish","type":"post","link":"https:\/\/vinasfm.com\/noticias\/dia-del-respeto-a-la-diversidad-cultural-este-sabado-12-sera-feriado-y-el-lunes-14-dia-no-laborable-con-fines-turisticos\/","title":{"rendered":"D\u00cdA DEL RESPETO A LA DIVERSIDAD CULTURAL: ESTE S\u00c1BADO 12 SER\u00c1 FERIADO Y EL LUNES 14 &#8216;D\u00cdA NO LABORABLE CON FINES TUR\u00cdSTICOS&#8217;"},"content":{"rendered":"<h4><strong>El<\/strong>\u00a0<strong>12 octubre<\/strong><strong>\u00a0de 1492 Cristobal Col\u00f3n junto a sus marineros lleg\u00f3 sin saberlo a un continente, que luego ser\u00eda llamado Am\u00e9rica. Con el tiempo esa fecha se impuso como el D\u00eda de la Raza, y desde hace unos pocos a\u00f1os en la Argentina se la denomina como<\/strong>\u00a0<strong>D\u00eda del Respeto a la Diversidad Cultural.\u00a0<\/strong><\/h4>\n<p>Este a\u00f1o el\u00a0\u00a0<strong>D\u00eda del Respeto a la Diversidad Cultural cae s\u00e1bado y s\u00ed es feriado<\/strong>\u00a0seg\u00fan\u00a0el calendario elaborado por el Ministerio del Interior de la Naci\u00f3n.<\/p>\n<h4><strong>\u00bfPero se pasa o no el feriado al lunes 14?<\/strong><\/h4>\n<p>La gran duda es con el lunes 14 y muchos se preguntan si el que viene es un fin de semana puente y el comienzo de semana arrancar\u00e1 tambi\u00e9n con un feriado. Pero no:<strong>\u00a0el lunes 14 no es feriado, es un\u00a0\u00a0\u201cD\u00eda no laboral con fines tur\u00edsticos\u201d.<\/strong><\/p>\n<p>Esto quiere decir que el lunes 14 ser\u00e1n los empleadores los que decidan si sus empleados pueden gozar de un d\u00eda libre o no seg\u00fan lo establecido en la<strong>\u00a0Ley de Contrato de Trabajo<\/strong>.<\/p>\n<p>Como ha sucedido en los casos anteriores no habr\u00e1 actividad en el sector p\u00fablico. Tampoco ese lunes habr\u00e1 actividad bancaria y financiera.<\/p>\n<p>Desde la<strong> C\u00e1mara de Comercio<\/strong> local informaron c\u00f3mo se replicar\u00e1 en nuestro departamento (cuadro).<\/p>\n<p><img loading=\"lazy\" decoding=\"async\" class=\" wp-image-59869 aligncenter\" src=\"http:\/\/vinasfm.com\/noticias\/wp-content\/uploads\/2019\/10\/feriado-257x300.png\" alt=\"\" width=\"459\" height=\"536\" srcset=\"https:\/\/vinasfm.com\/noticias\/wp-content\/uploads\/2019\/10\/feriado-257x300.png 257w, https:\/\/vinasfm.com\/noticias\/wp-content\/uploads\/2019\/10\/feriado.png 598w\" sizes=\"auto, (max-width: 459px) 100vw, 459px\" \/><\/p>\n<h4><strong>Recolecci\u00f3n de residuos<\/strong><\/h4>\n<p>La <strong>Direcci\u00f3n de Servicios P\u00fablicos<\/strong> inform\u00f3 que con motivo del feriado del pr\u00f3ximo fin de semana, el lunes 14 de octubre \u201c<em>s\u00f3lo habr\u00e1 recolecci\u00f3n tipo \u201cA\u201d (de cocina), a partir de las 14:00h. Todos los dem\u00e1s servicios ser\u00e1n restablecidos a partir del martes 15 de octubre en sus horarios habituales. Por tal motivo se solicita la colaboraci\u00f3n de la poblaci\u00f3n a fin de mantener la limpieza de la Ciudad<\/em>\u201d.<\/p>\n<h4><strong>En s\u00edntesis<\/strong><\/h4>\n<p><strong>El s\u00e1bado 12 es feriado<\/strong>, mientras que el <strong>l<\/strong><strong>unes 14 es \u00abno laborable\u00bb y ya se confirm\u00f3 que no habr\u00e1 actividad p\u00fablica (escuelas, administraci\u00f3n), ni bancaria (p\u00fablicos y privados)<\/strong>. El resto de los privados depender\u00e1 de la decisi\u00f3n de sus empleadores.<\/p>\n<h4><strong>Los otros feriados que quedan<\/strong><\/h4>\n<ul>\n<li><strong>Lunes 18 de noviembre<\/strong> (<em>D\u00eda de la Soberan\u00eda Nacional (se adelante del 20\/11<\/em>).<\/li>\n<li><strong>Domingo 8 de diciembre<\/strong> (<em>D\u00eda de la\u00a0Inmaculada Concepci\u00f3n de Mar\u00eda<\/em>).<\/li>\n<li><strong>Mi\u00e9rcoles 25 de diciembre<\/strong> (<em>Navidad<\/em>).<\/li>\n<\/ul>\n<h5><em>F.B. (F.M. Vi\u00f1as).<\/em><\/h5>\n","protected":false},"excerpt":{"rendered":"<p>El\u00a012 octubre\u00a0de 1492 Cristobal Col\u00f3n junto a sus marineros lleg\u00f3 sin saberlo a un continente, que luego ser\u00eda llamado Am\u00e9rica. Con &#8230;<\/p>\n","protected":false},"author":8,"featured_media":59868,"comment_status":"open","ping_status":"open","sticky":false,"template":"","format":"standard","meta":{"footnotes":""},"categories":[5,10],"tags":[],"class_list":["post-59856","post","type-post","status-publish","format-standard","has-post-thumbnail","hentry","category-actualidad","category-destacadas"],"_links":{"self":[{"href":"https:\/\/vinasfm.com\/noticias\/wp-json\/wp\/v2\/posts\/59856","targetHints":{"allow":["GET"]}}],"collection":[{"href":"https:\/\/vinasfm.com\/noticias\/wp-json\/wp\/v2\/posts"}],"about":[{"href":"https:\/\/vinasfm.com\/noticias\/wp-json\/wp\/v2\/types\/post"}],"author":[{"embeddable":true,"href":"https:\/\/vinasfm.com\/noticias\/wp-json\/wp\/v2\/users\/8"}],"replies":[{"embeddable":true,"href":"https:\/\/vinasfm.com\/noticias\/wp-json\/wp\/v2\/comments?post=59856"}],"version-history":[{"count":1,"href":"https:\/\/vinasfm.com\/noticias\/wp-json\/wp\/v2\/posts\/59856\/revisions"}],"predecessor-version":[{"id":59871,"href":"https:\/\/vinasfm.com\/noticias\/wp-json\/wp\/v2\/posts\/59856\/revisions\/59871"}],"wp:featuredmedia":[{"embeddable":true,"href":"https:\/\/vinasfm.com\/noticias\/wp-json\/wp\/v2\/media\/59868"}],"wp:attachment":[{"href":"https:\/\/vinasfm.com\/noticias\/wp-json\/wp\/v2\/media?parent=59856"}],"wp:term":[{"taxonomy":"category","embeddable":true,"href":"https:\/\/vinasfm.com\/noticias\/wp-json\/wp\/v2\/categories?post=59856"},{"taxonomy":"post_tag","embeddable":true,"href":"https:\/\/vinasfm.com\/noticias\/wp-json\/wp\/v2\/tags?post=59856"}],"curies":[{"name":"wp","href":"https:\/\/api.w.org\/{rel}","templated":true}]}}