{"id":59849,"date":"2019-10-11T08:54:05","date_gmt":"2019-10-11T11:54:05","guid":{"rendered":"http:\/\/vinasfm.com\/noticias\/?p=59849"},"modified":"2019-10-11T10:58:33","modified_gmt":"2019-10-11T13:58:33","slug":"alumnos-de-biotecnologia-de-ugacoop-participaron-de-un-importante-encuentro-en-mendoza","status":"publish","type":"post","link":"https:\/\/vinasfm.com\/noticias\/alumnos-de-biotecnologia-de-ugacoop-participaron-de-un-importante-encuentro-en-mendoza\/","title":{"rendered":"ALUMNOS DE BIOTECNOLOG\u00cdA DE UGACOOP PARTICIPARON DE UN IMPORTANTE ENCUENTRO EN MENDOZA"},"content":{"rendered":"<h4>BioArgentina, el encuentro de vinculaci\u00f3n en biotecnolog\u00eda m\u00e1s importante del pa\u00eds, lleg\u00f3 a Mendoza este 9 de octubre. Alumnos y profesores de la carrera de Biotecnolog\u00eda que se dicta en Ugacoop asistieron a la actividad.<\/h4>\n<p>El objetivo fue promover la c<strong>ooperaci\u00f3n p\u00fablico-privada y el emprendedorismo. Las tem\u00e1ticas giraron en torno a la generaci\u00f3n de startups desde el sector acad\u00e9mico, la transferencia de tecnolog\u00eda y el capital emprendedor,<\/strong> entre otras.<\/p>\n<p><em>\u201cFue un lujo poder participar. A la tarde nos recibieron en un instituto del Conicet, nos mostraron los laboratorios, los proyectos. Est\u00e1n muy interesados en lo que estamos haciendo en el laboratorio con la posibilidad de colaborar\u201d<\/em>, reflej\u00f3 a F.M. Vi\u00f1as el coordinador de la carrera Dr. Ezequiel Lentz.<\/p>\n<p><strong>\u00bfQU\u00c9 ES BIOARGENTINA?<\/strong><\/p>\n<p>BioArgentina es un evento anual organizado por la C\u00e1mara Argentina de Biotecnolog\u00eda (CAB). CAB es una organizaci\u00f3n privada sin fines de lucro fundada en el 2011. Sus miembros son empresas de primera l\u00ednea de diversos rubros como industria farmac\u00e9utica, alimenticia, sanidad animal y vegetal, diagn\u00f3stico, industria agropecuaria, forestal y biocombustibles. La CAB promueve la cooperaci\u00f3n p\u00fablico-privada en sectores como I + D, producci\u00f3n, comercializaci\u00f3n y exportaci\u00f3n de productos biotecnol\u00f3gicos y contribuye al liderazgo argentino en el sector por medio de la construcci\u00f3n de s\u00f3lidas relaciones con autoridades regulatorias clave, el asesoramiento en pol\u00edticas p\u00fablicas, y la expansi\u00f3n de su\u00a0 presencia global.<\/p>\n<p>En los a\u00f1os anteriores ha habido oradores como Craig Venter, Cristina Garmendia (ex ministra de Ciencia de Espa\u00f1a), Ryan Bethencourt (cofundador, exdirector de Programa y Socio de IndieBio), Curtis Keith (CSO de la Aceleradora Biom\u00e9dica Blavatnik), Tim Hart (director de Desarrollo de Oxentia) y Mudy Sheves (vicepresidente de Transferencia Tecnol\u00f3gica del Instituto Weizmann).<\/p>\n<h5><strong>A.C.<\/strong><\/h5>\n","protected":false},"excerpt":{"rendered":"<p>BioArgentina, el encuentro de vinculaci\u00f3n en biotecnolog\u00eda m\u00e1s importante del pa\u00eds, lleg\u00f3 a Mendoza este 9 de octubre. Alumnos y profesores &#8230;<\/p>\n","protected":false},"author":7,"featured_media":59860,"comment_status":"open","ping_status":"open","sticky":false,"template":"","format":"standard","meta":{"footnotes":""},"categories":[5,18],"tags":[],"class_list":["post-59849","post","type-post","status-publish","format-standard","has-post-thumbnail","hentry","category-actualidad","category-educacion"],"_links":{"self":[{"href":"https:\/\/vinasfm.com\/noticias\/wp-json\/wp\/v2\/posts\/59849","targetHints":{"allow":["GET"]}}],"collection":[{"href":"https:\/\/vinasfm.com\/noticias\/wp-json\/wp\/v2\/posts"}],"about":[{"href":"https:\/\/vinasfm.com\/noticias\/wp-json\/wp\/v2\/types\/post"}],"author":[{"embeddable":true,"href":"https:\/\/vinasfm.com\/noticias\/wp-json\/wp\/v2\/users\/7"}],"replies":[{"embeddable":true,"href":"https:\/\/vinasfm.com\/noticias\/wp-json\/wp\/v2\/comments?post=59849"}],"version-history":[{"count":1,"href":"https:\/\/vinasfm.com\/noticias\/wp-json\/wp\/v2\/posts\/59849\/revisions"}],"predecessor-version":[{"id":59882,"href":"https:\/\/vinasfm.com\/noticias\/wp-json\/wp\/v2\/posts\/59849\/revisions\/59882"}],"wp:featuredmedia":[{"embeddable":true,"href":"https:\/\/vinasfm.com\/noticias\/wp-json\/wp\/v2\/media\/59860"}],"wp:attachment":[{"href":"https:\/\/vinasfm.com\/noticias\/wp-json\/wp\/v2\/media?parent=59849"}],"wp:term":[{"taxonomy":"category","embeddable":true,"href":"https:\/\/vinasfm.com\/noticias\/wp-json\/wp\/v2\/categories?post=59849"},{"taxonomy":"post_tag","embeddable":true,"href":"https:\/\/vinasfm.com\/noticias\/wp-json\/wp\/v2\/tags?post=59849"}],"curies":[{"name":"wp","href":"https:\/\/api.w.org\/{rel}","templated":true}]}}