{"id":59845,"date":"2019-10-11T08:29:14","date_gmt":"2019-10-11T11:29:14","guid":{"rendered":"http:\/\/vinasfm.com\/noticias\/?p=59845"},"modified":"2019-10-11T10:42:10","modified_gmt":"2019-10-11T13:42:10","slug":"detuvieron-a-un-hombre-relacionado-con-la-comercializacion-de-estupefacientes","status":"publish","type":"post","link":"https:\/\/vinasfm.com\/noticias\/detuvieron-a-un-hombre-relacionado-con-la-comercializacion-de-estupefacientes\/","title":{"rendered":"DETUVIERON A UN HOMBRE RELACIONADO CON LA COMERCIALIZACI\u00d3N DE ESTUPEFACIENTES"},"content":{"rendered":"<h4><strong>Este mi\u00e9rcoles en horas de la tarde, personal de la Divisi\u00f3n de Lucha Contra el Narcotr\u00e1fico General Alvear, luego de una intensa tarea de investigaci\u00f3n y seguimiento logr\u00f3 la detenci\u00f3n e incomunicaci\u00f3n de una persona de sexo masculino de 43 a\u00f1os en nuestro departamento. <\/strong><\/h4>\n<p>El procedimiento se llev\u00f3 a cabo en <strong>calle Espa\u00f1a y Arist\u00f3bulo del Valle<\/strong> del <strong>Barrio San Carlos<\/strong>, cuando <strong>el sospechoso<\/strong> <strong>identificado como A. Olgu\u00edn\u00a0se movilizaba en su veh\u00edculo marca Fiat Punto<\/strong>, el cual tambi\u00e9n qued\u00f3 secuestrado.<\/p>\n<p>Luego, el detenido <strong>fue puesto a disposici\u00f3n de la justicia Federal de San Rafael<\/strong> a cargo del <strong>Dr. Puigd\u00e9ngolas<\/strong> por <strong>infracci\u00f3n al art\u00edculo quinto C de la ley 23.737<\/strong>.<\/p>\n<p>Todo ello el marco de una investigaci\u00f3n que <strong>se origin\u00f3 a partir del secuestro de medio kilo de coca\u00edna la que era transportada por una mujer en un colectivo de pasajero el pasado 24 de setiembre<\/strong>, la que fue detenida en el control de Cochic\u00f3. (<em><a href=\"http:\/\/vinasfm.com\/noticias\/detuvieron-a-una-mujer-que-transportaba-cocaina-de-alvear-a-catriel\/\">http:\/\/vinasfm.com\/noticias\/detuvieron-a-una-mujer-que-transportaba-cocaina-de-alvear-a-catriel<\/a><\/em><strong><em><a href=\"http:\/\/vinasfm.com\/noticias\/detuvieron-a-una-mujer-que-transportaba-cocaina-de-alvear-a-catriel\/\">\/<\/a><\/em><\/strong>)<\/p>\n<p><img loading=\"lazy\" decoding=\"async\" class=\" wp-image-59847 aligncenter\" src=\"http:\/\/vinasfm.com\/noticias\/wp-content\/uploads\/2019\/10\/68fb0c88-6044-496a-84a8-ed8b00b43def-300x242.jpg\" alt=\"\" width=\"460\" height=\"371\" srcset=\"https:\/\/vinasfm.com\/noticias\/wp-content\/uploads\/2019\/10\/68fb0c88-6044-496a-84a8-ed8b00b43def-300x242.jpg 300w, https:\/\/vinasfm.com\/noticias\/wp-content\/uploads\/2019\/10\/68fb0c88-6044-496a-84a8-ed8b00b43def-768x620.jpg 768w, https:\/\/vinasfm.com\/noticias\/wp-content\/uploads\/2019\/10\/68fb0c88-6044-496a-84a8-ed8b00b43def-1024x826.jpg 1024w, https:\/\/vinasfm.com\/noticias\/wp-content\/uploads\/2019\/10\/68fb0c88-6044-496a-84a8-ed8b00b43def.jpg 1280w\" sizes=\"auto, (max-width: 460px) 100vw, 460px\" \/><\/p>\n<h5><em>F.B. (F.M. Vi\u00f1as).<\/em><\/h5>\n","protected":false},"excerpt":{"rendered":"<p>Este mi\u00e9rcoles en horas de la tarde, personal de la Divisi\u00f3n de Lucha Contra el Narcotr\u00e1fico General Alvear, luego de una &#8230;<\/p>\n","protected":false},"author":8,"featured_media":59846,"comment_status":"open","ping_status":"open","sticky":false,"template":"","format":"standard","meta":{"footnotes":""},"categories":[1],"tags":[],"class_list":["post-59845","post","type-post","status-publish","format-standard","has-post-thumbnail","hentry","category-fmvinas"],"_links":{"self":[{"href":"https:\/\/vinasfm.com\/noticias\/wp-json\/wp\/v2\/posts\/59845","targetHints":{"allow":["GET"]}}],"collection":[{"href":"https:\/\/vinasfm.com\/noticias\/wp-json\/wp\/v2\/posts"}],"about":[{"href":"https:\/\/vinasfm.com\/noticias\/wp-json\/wp\/v2\/types\/post"}],"author":[{"embeddable":true,"href":"https:\/\/vinasfm.com\/noticias\/wp-json\/wp\/v2\/users\/8"}],"replies":[{"embeddable":true,"href":"https:\/\/vinasfm.com\/noticias\/wp-json\/wp\/v2\/comments?post=59845"}],"version-history":[{"count":2,"href":"https:\/\/vinasfm.com\/noticias\/wp-json\/wp\/v2\/posts\/59845\/revisions"}],"predecessor-version":[{"id":59852,"href":"https:\/\/vinasfm.com\/noticias\/wp-json\/wp\/v2\/posts\/59845\/revisions\/59852"}],"wp:featuredmedia":[{"embeddable":true,"href":"https:\/\/vinasfm.com\/noticias\/wp-json\/wp\/v2\/media\/59846"}],"wp:attachment":[{"href":"https:\/\/vinasfm.com\/noticias\/wp-json\/wp\/v2\/media?parent=59845"}],"wp:term":[{"taxonomy":"category","embeddable":true,"href":"https:\/\/vinasfm.com\/noticias\/wp-json\/wp\/v2\/categories?post=59845"},{"taxonomy":"post_tag","embeddable":true,"href":"https:\/\/vinasfm.com\/noticias\/wp-json\/wp\/v2\/tags?post=59845"}],"curies":[{"name":"wp","href":"https:\/\/api.w.org\/{rel}","templated":true}]}}