{"id":59832,"date":"2019-10-11T05:46:08","date_gmt":"2019-10-11T08:46:08","guid":{"rendered":"http:\/\/vinasfm.com\/noticias\/?p=59832"},"modified":"2019-10-12T11:01:09","modified_gmt":"2019-10-12T14:01:09","slug":"el-ministro-de-seguridad-gianni-venier-dicto-una-capacitacion-sobre-el-nuevo-codigo-contravencional","status":"publish","type":"post","link":"https:\/\/vinasfm.com\/noticias\/el-ministro-de-seguridad-gianni-venier-dicto-una-capacitacion-sobre-el-nuevo-codigo-contravencional\/","title":{"rendered":"EL MINISTRO DE SEGURIDAD GIANNI VENIER DICT\u00d3 UNA CAPACITACI\u00d3N SOBRE EL NUEVO C\u00d3DIGO CONTRAVENCIONAL"},"content":{"rendered":"<h4><strong><span style=\"font-family: Tahoma;\">En la tarde del jueves se realiz\u00f3 la \u201c1\u00ba Jornada de Capacitaci\u00f3n sobre el nuevo C\u00f3digo Contravencional para Personal Policial\u201d dictada por el Ministro de Seguridad Gianni Venier.<\/span><\/strong><\/h4>\n<div><span style=\"font-family: Tahoma;\">\u00a0<\/span><\/div>\n<div><span style=\"font-family: Tahoma;\">El <strong>Ministro de Seguridad de la Provincia Gianni Venier<\/strong> lleg\u00f3 hasta nuestro departamento donde en primera instancia se reuni\u00f3 con el Intendente Walther Marcolini; el Secretario de Gobierno Jos\u00e9 Vilches; la Presidente del HCD Alejandra Torti;\u00a0 y laDirectora de Relaciones con la Comunidad Beatriz Varela, durante la reuni\u00f3n hablaron sobre nuevas c\u00e1maras de seguridad para el departamento y una nueva subcomisar\u00eda para el barrio San Carlos.<\/span><\/div>\n<div><span style=\"font-family: Tahoma;\">\u00a0<\/span><\/div>\n<div><span style=\"font-family: Tahoma;\">Tras esta reuni\u00f3n, el Dr Venier <strong>dict\u00f3 una capacitaci\u00f3n en el SUM de Cecsagal destinada al personal policial<\/strong>, en este sentido el Secretario de Gobierno Jos\u00e9 Vilches dijo: \u201c<em>El Ministro nos brind\u00f3 aspectos y detalles sobre esta ley contravencional, que ya rige en toda la provincia<\/em>\u201d. Vilches destac\u00f3 la presencia del personal de la Polic\u00eda de Tr\u00e1nsito en esta importante capacitaci\u00f3n.<\/span><\/div>\n<div><span style=\"font-family: Tahoma;\">\u00a0<\/span><\/div>\n<div><span style=\"font-family: Tahoma;\">Acerca del <strong>nuevo C\u00f3digo Contravencional<\/strong>, el Ministro de Seguridad expres\u00f3: \u201c<em>Est\u00e1 dando muchos resultados, sobre todo en la cantidad de denuncias ya que la v\u00edctima gana un terreno que no ten\u00eda anteriormente. Eso es lo que buscamos en la gesti\u00f3n del Gobernador Alfredo Cornejo, que el centro de la seguridad sea la v\u00edctima y no el delincuente, como era habitual en gran parte de latinoam\u00e9rica<\/em>\u201d. Seg\u00fan Venier, esto ha tra\u00eddo beneficios a la hora de disminuir la violencia urbana, sobre todo a trav\u00e9s de la figura del Juez de Paz, y la competencia que los municipios adquirieron con la Polic\u00eda de Tr\u00e1nsito y Juzgado de Tr\u00e1nsito.<\/span><\/div>\n<div><span style=\"font-family: Tahoma;\">\u00a0<\/span><\/div>\n<div><span style=\"font-family: Tahoma;\">En este aspecto, Venier afirm\u00f3 que se busca generar un importante trabajo comunitario: \u201c<em>La idea es que la persona que contravino, que tuvo una mala conducta, obtenga una sentencia donde pueda trabajar gratuitamente en organismos p\u00fablicos o privados, relacionados con el bien com\u00fan, como forma de la sentencia, de esta forma cambiamos una mala conducta por otra valiosa para la sociedad\u201d.<\/em><\/span><\/div>\n<div><span style=\"font-family: Tahoma;\">\u00a0<\/span><\/div>\n<div><span style=\"font-family: Tahoma;\">El Ministro de Seguridad tambi\u00e9n se refiri\u00f3 a la disminuci\u00f3n en la accidentolog\u00eda y el incremento en las denuncias recepcionadas: \u201c<em>Hoy pasamos de cinco muertes anuales a una sola en cuatro a\u00f1os, estamos trabajando fuertemente en la resocializaci\u00f3n, los robos agravados y homicidios bajaron hasta un 45% dependiendo del departamento, en materia de procesados y condenados San Rafael tiene la mejor tasa del Pa\u00eds en cuanto a condenas y procesos, y en n\u00fameros fr\u00edos el sistema va en camino de mejorar, nos enorgullecemos de haber evitado que suban los delitos, a\u00fan queda mucho por hacer pero sabemos c\u00f3mo hacerlo y esperamos que el Gobierno de Rodolfo Su\u00e1rez siga en el mismo camino\u201d expres\u00f3 Gianni Venier.<\/em><\/span><\/div>\n<div><\/div>\n<h5><em>F.B. (F.M. Vi\u00f1as).<\/em><\/h5>\n","protected":false},"excerpt":{"rendered":"<p>En la tarde del jueves se realiz\u00f3 la \u201c1\u00ba Jornada de Capacitaci\u00f3n sobre el nuevo C\u00f3digo Contravencional para Personal Policial\u201d dictada &#8230;<\/p>\n","protected":false},"author":8,"featured_media":59834,"comment_status":"open","ping_status":"open","sticky":false,"template":"","format":"standard","meta":{"footnotes":""},"categories":[5,33],"tags":[],"class_list":["post-59832","post","type-post","status-publish","format-standard","has-post-thumbnail","hentry","category-actualidad","category-seguridad"],"_links":{"self":[{"href":"https:\/\/vinasfm.com\/noticias\/wp-json\/wp\/v2\/posts\/59832","targetHints":{"allow":["GET"]}}],"collection":[{"href":"https:\/\/vinasfm.com\/noticias\/wp-json\/wp\/v2\/posts"}],"about":[{"href":"https:\/\/vinasfm.com\/noticias\/wp-json\/wp\/v2\/types\/post"}],"author":[{"embeddable":true,"href":"https:\/\/vinasfm.com\/noticias\/wp-json\/wp\/v2\/users\/8"}],"replies":[{"embeddable":true,"href":"https:\/\/vinasfm.com\/noticias\/wp-json\/wp\/v2\/comments?post=59832"}],"version-history":[{"count":1,"href":"https:\/\/vinasfm.com\/noticias\/wp-json\/wp\/v2\/posts\/59832\/revisions"}],"predecessor-version":[{"id":59857,"href":"https:\/\/vinasfm.com\/noticias\/wp-json\/wp\/v2\/posts\/59832\/revisions\/59857"}],"wp:featuredmedia":[{"embeddable":true,"href":"https:\/\/vinasfm.com\/noticias\/wp-json\/wp\/v2\/media\/59834"}],"wp:attachment":[{"href":"https:\/\/vinasfm.com\/noticias\/wp-json\/wp\/v2\/media?parent=59832"}],"wp:term":[{"taxonomy":"category","embeddable":true,"href":"https:\/\/vinasfm.com\/noticias\/wp-json\/wp\/v2\/categories?post=59832"},{"taxonomy":"post_tag","embeddable":true,"href":"https:\/\/vinasfm.com\/noticias\/wp-json\/wp\/v2\/tags?post=59832"}],"curies":[{"name":"wp","href":"https:\/\/api.w.org\/{rel}","templated":true}]}}