{"id":59808,"date":"2019-10-11T08:14:51","date_gmt":"2019-10-11T11:14:51","guid":{"rendered":"http:\/\/vinasfm.com\/noticias\/?p=59808"},"modified":"2019-10-11T08:32:13","modified_gmt":"2019-10-11T11:32:13","slug":"entregan-electrodomesticos-a-escuelas-albergues-y-rurales-de-alvear","status":"publish","type":"post","link":"https:\/\/vinasfm.com\/noticias\/entregan-electrodomesticos-a-escuelas-albergues-y-rurales-de-alvear\/","title":{"rendered":"ENTREGAN ELECTRODOM\u00c9STICOS A ESCUELAS ALBERGUES Y RURALES DE ALVEAR"},"content":{"rendered":"<h4><strong>Dependiente del Programa de Mejoramiento de la Educaci\u00f3n Rural (PROMER) este jueves se realiza la entrega de varios electrodom\u00e9sticos a distintos establecimientos educativos albergues de la zona rural de nuestro departamento.<\/strong><\/h4>\n<p>Esta entrega tiene el claro <strong>objetivo<\/strong> de que \u201c<em>las escuelas crezcan d\u00eda a d\u00eda<\/em> <em>y en este sentido la entrega de equipamiento viene a beneficiar a las comunidades educativas de las zonas rurales\u201d, <\/em>seg\u00fan expres\u00f3 el <strong>Delegado de la D.G.E. en Gral. Alvear<\/strong>, <strong>Jos\u00e9 Mor\u00e1n<\/strong>.<\/p>\n<div id=\"attachment_59050\" style=\"width: 300px\" class=\"wp-caption alignleft\"><img loading=\"lazy\" decoding=\"async\" aria-describedby=\"caption-attachment-59050\" class=\"wp-image-59050 size-medium\" src=\"http:\/\/vinasfm.com\/noticias\/wp-content\/uploads\/2019\/09\/MORAN-e1569423449589-300x237.png\" alt=\"\" width=\"300\" height=\"237\" srcset=\"https:\/\/vinasfm.com\/noticias\/wp-content\/uploads\/2019\/09\/MORAN-e1569423449589-300x237.png 300w, https:\/\/vinasfm.com\/noticias\/wp-content\/uploads\/2019\/09\/MORAN-e1569423449589.png 667w\" sizes=\"auto, (max-width: 300px) 100vw, 300px\" \/><p id=\"caption-attachment-59050\" class=\"wp-caption-text\">Jos\u00e9 Mor\u00e1n, Delegado de la D.G.E. en Gral. Alvear.<\/p><\/div>\n<p>La adquisici\u00f3n de los electrodom\u00e9sticos surgi\u00f3 del pedido que curs\u00f3 la Delegaci\u00f3n de la D.G.E. a referentes del PROMER. \u201c<em>La respuesta fue muy r\u00e1pida y de la misma forma hoy estaremos entregando heladeras, freezers y lavarropas. Adem\u00e1s entregaremos ventiladores que vienen de la provincia de cara a la \u00e9poca estival<\/em>\u201d, expres\u00f3 <strong>Mor\u00e1n<\/strong>.<\/p>\n<p>Asimismo, el Delegado reflej\u00f3 que \u201c<em>lo m\u00e1s importante es que estos electrodom\u00e9sticos vienen a saldar falencias que ten\u00edan nuestras escuelas rurales y estamos seguros que les dar\u00e1n un buen uso. Ver el fruto de las gestiones que realizamos nos llena de orgullo junto con todas las comunidades educativas que mejorar\u00e1n su calidad educativa porque todo suma este objetivo<\/em>\u201d.<\/p>\n<p>En otro orden, <strong>la Delegaci\u00f3n de Gral. Alvear ser\u00e1 reconocida en Mendoza Capital<\/strong> por parte de la Direcci\u00f3n General de Escuelas: \u201c<em>Es muy bueno que reconozcan que el trabajo que hace todo el equipo de la Delegaci\u00f3n en pos del beneficio de las escuelas y sus alumnos. Nuestra meta es que los directivos, docentes y alumnos tengan sus respuestas<\/em>\u201d, mencion\u00f3.<\/p>\n<p>\u201c<em>Se va a analizar el presupuesto porque son varias las escuelas que se van a construir y reparar en la provincia y en noviembre<\/em> <em>se firmar\u00e1n los fondos zonales\u201d, \u00a0<\/em>puntualiz\u00f3 Mor\u00e1n respecto al avancen en la soluci\u00f3n edilicia de los establecimientos que realizar\u00e1n las empresas constructoras en los meses de vacaciones.<\/p>\n<h5><em>F.B. \/ R.B. (F.M. Vi\u00f1as).<\/em><\/h5>\n","protected":false},"excerpt":{"rendered":"<p>Dependiente del Programa de Mejoramiento de la Educaci\u00f3n Rural (PROMER) este jueves se realiza la entrega de varios electrodom\u00e9sticos a distintos &#8230;<\/p>\n","protected":false},"author":8,"featured_media":59820,"comment_status":"open","ping_status":"open","sticky":false,"template":"","format":"standard","meta":{"footnotes":""},"categories":[1],"tags":[],"class_list":["post-59808","post","type-post","status-publish","format-standard","has-post-thumbnail","hentry","category-fmvinas"],"_links":{"self":[{"href":"https:\/\/vinasfm.com\/noticias\/wp-json\/wp\/v2\/posts\/59808","targetHints":{"allow":["GET"]}}],"collection":[{"href":"https:\/\/vinasfm.com\/noticias\/wp-json\/wp\/v2\/posts"}],"about":[{"href":"https:\/\/vinasfm.com\/noticias\/wp-json\/wp\/v2\/types\/post"}],"author":[{"embeddable":true,"href":"https:\/\/vinasfm.com\/noticias\/wp-json\/wp\/v2\/users\/8"}],"replies":[{"embeddable":true,"href":"https:\/\/vinasfm.com\/noticias\/wp-json\/wp\/v2\/comments?post=59808"}],"version-history":[{"count":2,"href":"https:\/\/vinasfm.com\/noticias\/wp-json\/wp\/v2\/posts\/59808\/revisions"}],"predecessor-version":[{"id":59822,"href":"https:\/\/vinasfm.com\/noticias\/wp-json\/wp\/v2\/posts\/59808\/revisions\/59822"}],"wp:featuredmedia":[{"embeddable":true,"href":"https:\/\/vinasfm.com\/noticias\/wp-json\/wp\/v2\/media\/59820"}],"wp:attachment":[{"href":"https:\/\/vinasfm.com\/noticias\/wp-json\/wp\/v2\/media?parent=59808"}],"wp:term":[{"taxonomy":"category","embeddable":true,"href":"https:\/\/vinasfm.com\/noticias\/wp-json\/wp\/v2\/categories?post=59808"},{"taxonomy":"post_tag","embeddable":true,"href":"https:\/\/vinasfm.com\/noticias\/wp-json\/wp\/v2\/tags?post=59808"}],"curies":[{"name":"wp","href":"https:\/\/api.w.org\/{rel}","templated":true}]}}