{"id":59796,"date":"2019-10-10T08:03:35","date_gmt":"2019-10-10T11:03:35","guid":{"rendered":"http:\/\/vinasfm.com\/noticias\/?p=59796"},"modified":"2019-10-11T09:53:37","modified_gmt":"2019-10-11T12:53:37","slug":"alvear-solidario-alumnas-de-diseno-de-indumentaria-entregaron-gorros-a-ninos-con-cancer-del-notti","status":"publish","type":"post","link":"https:\/\/vinasfm.com\/noticias\/alvear-solidario-alumnas-de-diseno-de-indumentaria-entregaron-gorros-a-ninos-con-cancer-del-notti\/","title":{"rendered":"ALVEAR SOLIDARIO: ALUMNAS DE DISE\u00d1O DE INDUMENTARIA ENTREGARON GORROS A NI\u00d1OS CON C\u00c1NCER DEL NOTTI"},"content":{"rendered":"<p><strong>Alvear nuevamente muestra la solidaridad de su gente, en este caso con la entrega de gorros y turbantes a ni\u00f1os con c\u00e1ncer internados en el Hospital Pedi\u00e1trico Humberto Notti.<\/strong><\/p>\n<p>La iniciativa surgi\u00f3 de un grupo de alumnas de la T<strong>ecnicatura en Dise\u00f1o de Indumentaria de Ugacoop luego de una charla con Gisela Bello, la mam\u00e1 de Luana <\/strong>esta ni\u00f1a alvearense con Leucemia actualmente en tratamiento en la Ciudad de Mendoza. <a href=\"http:\/\/vinasfm.com\/noticias\/wp-content\/uploads\/2019\/10\/NOTTI-UGACOOP.jpg\"><img loading=\"lazy\" decoding=\"async\" class=\"size-medium wp-image-59798 alignright\" src=\"http:\/\/vinasfm.com\/noticias\/wp-content\/uploads\/2019\/10\/NOTTI-UGACOOP-300x225.jpg\" alt=\"\" width=\"300\" height=\"225\" srcset=\"https:\/\/vinasfm.com\/noticias\/wp-content\/uploads\/2019\/10\/NOTTI-UGACOOP-300x225.jpg 300w, https:\/\/vinasfm.com\/noticias\/wp-content\/uploads\/2019\/10\/NOTTI-UGACOOP-768x577.jpg 768w, https:\/\/vinasfm.com\/noticias\/wp-content\/uploads\/2019\/10\/NOTTI-UGACOOP.jpg 903w\" sizes=\"auto, (max-width: 300px) 100vw, 300px\" \/><\/a><\/p>\n<p>\u201c<em>Ella me comentaba que <strong>los ni\u00f1os sal\u00edan de realizarse las quimio y no ten\u00edan con que cubrirse sus cabecitas.<\/strong> Yo estudio dise\u00f1o, ese mismo d\u00eda llegue y se lo coment\u00e9 a mis compa\u00f1eras y a la profe de pr\u00e1cticas. Ellas sin dudarlo se prendieron, <strong>es un m\u00ednimo detalle este que les saca una sonrisa a estos peques en este momento tan du<\/strong><\/em><strong>ro<\/strong>\u201d, coment\u00f3 a F.M. Vi\u00f1as Jesica Varas una de las promotoras de la iniciativa.<\/p>\n<p>\u201c<em>Ojal\u00e1 pudi\u00e9ramos hacer m\u00e1s por ellos. Ayer cuando los entregamos la encargada del \u00e1rea nos agradeci\u00f3 de tal manera que nos llen\u00f3 de emoci\u00f3n\u201d,<\/em> agreg\u00f3.<\/p>\n<p><strong><em>A.C.<\/em><\/strong><\/p>\n","protected":false},"excerpt":{"rendered":"<p>Alvear nuevamente muestra la solidaridad de su gente, en este caso con la entrega de gorros y turbantes a ni\u00f1os con &#8230;<\/p>\n","protected":false},"author":7,"featured_media":59797,"comment_status":"open","ping_status":"open","sticky":false,"template":"","format":"standard","meta":{"footnotes":""},"categories":[5,11],"tags":[],"class_list":["post-59796","post","type-post","status-publish","format-standard","has-post-thumbnail","hentry","category-actualidad","category-sociales"],"_links":{"self":[{"href":"https:\/\/vinasfm.com\/noticias\/wp-json\/wp\/v2\/posts\/59796","targetHints":{"allow":["GET"]}}],"collection":[{"href":"https:\/\/vinasfm.com\/noticias\/wp-json\/wp\/v2\/posts"}],"about":[{"href":"https:\/\/vinasfm.com\/noticias\/wp-json\/wp\/v2\/types\/post"}],"author":[{"embeddable":true,"href":"https:\/\/vinasfm.com\/noticias\/wp-json\/wp\/v2\/users\/7"}],"replies":[{"embeddable":true,"href":"https:\/\/vinasfm.com\/noticias\/wp-json\/wp\/v2\/comments?post=59796"}],"version-history":[{"count":1,"href":"https:\/\/vinasfm.com\/noticias\/wp-json\/wp\/v2\/posts\/59796\/revisions"}],"predecessor-version":[{"id":59813,"href":"https:\/\/vinasfm.com\/noticias\/wp-json\/wp\/v2\/posts\/59796\/revisions\/59813"}],"wp:featuredmedia":[{"embeddable":true,"href":"https:\/\/vinasfm.com\/noticias\/wp-json\/wp\/v2\/media\/59797"}],"wp:attachment":[{"href":"https:\/\/vinasfm.com\/noticias\/wp-json\/wp\/v2\/media?parent=59796"}],"wp:term":[{"taxonomy":"category","embeddable":true,"href":"https:\/\/vinasfm.com\/noticias\/wp-json\/wp\/v2\/categories?post=59796"},{"taxonomy":"post_tag","embeddable":true,"href":"https:\/\/vinasfm.com\/noticias\/wp-json\/wp\/v2\/tags?post=59796"}],"curies":[{"name":"wp","href":"https:\/\/api.w.org\/{rel}","templated":true}]}}