{"id":59780,"date":"2019-10-10T09:15:39","date_gmt":"2019-10-10T12:15:39","guid":{"rendered":"http:\/\/vinasfm.com\/noticias\/?p=59780"},"modified":"2019-10-11T08:34:21","modified_gmt":"2019-10-11T11:34:21","slug":"inspeccion-general-de-seguridad-de-la-provincia-investiga-en-nuestro-departamento-a-varios-efectivos-policiales-implicados-en-diferentes-hechos","status":"publish","type":"post","link":"https:\/\/vinasfm.com\/noticias\/inspeccion-general-de-seguridad-de-la-provincia-investiga-en-nuestro-departamento-a-varios-efectivos-policiales-implicados-en-diferentes-hechos\/","title":{"rendered":"INSPECCI\u00d3N GENERAL DE SEGURIDAD DE LA PROVINCIA INVESTIGA EN NUESTRO DEPARTAMENTO A VARIOS EFECTIVOS POLICIALES IMPLICADOS EN DIFERENTES HECHOS"},"content":{"rendered":"<h4><strong>El <\/strong><strong>Dr. Marcelo Puertas, Director de la Inspecci\u00f3n General de Seguridad de la provincia, se encuentra en nuestro departamento con el fin de tratar una serie de expedientes entre los cuales resuena la viralizaci\u00f3n del video donde se deja ver la detenci\u00f3n de un menor de 10 a\u00f1os en Comisar\u00eda 14\u00b0.<\/strong><\/h4>\n<p>El video <strong>fue viralizado el pasado 1 de octubre<\/strong> por lo que su progenitora radic\u00f3 la denuncia por maltrato por parte de los efectivos para con su hijo, que dicho sea de paso, posee un largo prontuario de il\u00edcitos a pesar de su corta edad.<\/p>\n<h5><strong><em>Ver tambi\u00e9n: <a href=\"http:\/\/vinasfm.com\/noticias\/video-una-mama-denuncio-que-la-policia-detuvo-y-maltrato-a-su-hijo-de-10-anos-en-comisaria-14\/\">http:\/\/vinasfm.com\/noticias\/video-una-mama-denuncio-que-la-policia-detuvo-y-maltrato-a-su-hijo-de-10-anos-en-comisaria-14\/<\/a><\/em><\/strong><\/h5>\n<p>Fue la Unidad Fiscal de San Rafael\u00a0quien <strong>tom\u00f3 la denuncia de la mujer<\/strong>, quien asegur\u00f3 que no quisieron escucharla en el lugar del hecho. En sede penal\u00a0<strong>se investiga si hubo maltrato policial<\/strong>. En paralelo se abri\u00f3 un expediente administrativo en la <strong>Inspecci\u00f3n General de Seguridad<\/strong> para determinar si fue un polic\u00eda quien film\u00f3 y viraliz\u00f3 el video.<\/p>\n<p>En contacto con la prensa, <strong>Marcelo Puertas<\/strong> asever\u00f3: \u201c<em>Investigaremos si el video fue filmado por un efectivo policial por lo que tomamos conocimiento y convertimos esto en expediente. <strong>Actualmente se ha convertido en sumario por lo que citaremos al uniformado a declaraci\u00f3n indagatoria donde \u00e9l puede declarar o no dentro de su estrategia de defensa y tiene 5 d\u00edas para proponer la prueba de descargo y nombrar a un abogado defensor<\/strong><\/em>\u201d.<\/p>\n<p>\u201c<strong><em>Investigaremos si la aprehensi\u00f3n del menor en cuesti\u00f3n fue e acuerdo a derecho<\/em><\/strong><em>, es decir, si se le dio intervenci\u00f3n al Juez de menores o no. Esto en relaci\u00f3n al personal femenino que se ve en el video<\/em>\u201d, puntualiz\u00f3.<\/p>\n<p>Como medida para continuar con la investigaci\u00f3n, el Director de Inspecci\u00f3n General de Seguridad confirm\u00f3: \u201c<strong><em>Hemos pedido<\/em> <em>el traslado del polic\u00eda a otra dependencia policial fuera del departamento a fines de que su presencia en Alvear no entorpezca la investigaci\u00f3n. La femenino contin\u00faa trabajando en Comisar\u00eda 14<\/em>\u00b0<\/strong>\u201d.<\/p>\n<p>El proceso contin\u00faa su curso luego de la declaratoria de los efectivos implicados donde podr\u00e1 proponer pruebas y pasar\u00e1 a una etapa de alegatos. Finalmente se llegar\u00e1 a una resoluci\u00f3n con la decisi\u00f3n correspondiente. La persona sancionada tiene el derecho de apelar, es decir, seguir la v\u00eda recursiva establecida por la legislaci\u00f3n vigente.<\/p>\n<p>Puertas asever\u00f3 que Lay establece \u201c<strong><em>suspensi\u00f3n de 21 a 35 d\u00edas o si es m\u00e1s grave de 36 hasta la cesant\u00eda<\/em><\/strong><em>\u201d. <\/em><\/p>\n<p>Asimismo, el letrado afirm\u00f3 que <strong>investigar\u00e1n a otros 15 polic\u00edas relacionados con otros hechos<\/strong> entre los cuales se destacan <strong>hechos de abusos sexuales<\/strong>, <strong>incumplimiento con los servicios extraordinarios<\/strong> y el <strong>faltante de elementos secuestrados en dependencias policiales<\/strong>.<\/p>\n<p>Respecto a la decisi\u00f3n que se pueda tomar en relaci\u00f3n a la gravedad de la supuesta sanci\u00f3n, Puertas subray\u00f3 que \u201c<strong><em>es trasladar al efectivo o pedir la pasiva, es decir, cuando no trabajan y perciben poco menos de la totalidad del sueldo<\/em><\/strong>\u201d.<\/p>\n<p><strong>VIDEO VIRALIZADO EL 1\/10\/2019<\/strong><\/p>\n<p><iframe loading=\"lazy\" title=\"La Polic\u00eda detuvo a un nene de 10 a\u00f1os\" width=\"1140\" height=\"641\" src=\"https:\/\/www.youtube.com\/embed\/50iPWUDgq9g?feature=oembed\" frameborder=\"0\" allow=\"accelerometer; autoplay; encrypted-media; gyroscope; picture-in-picture\" allowfullscreen><\/iframe><\/p>\n<h5><em>\u2022Fernando Burett (F.M. Vi\u00f1as).<\/em><\/h5>\n","protected":false},"excerpt":{"rendered":"<p>El Dr. Marcelo Puertas, Director de la Inspecci\u00f3n General de Seguridad de la provincia, se encuentra en nuestro departamento con el &#8230;<\/p>\n","protected":false},"author":8,"featured_media":59783,"comment_status":"open","ping_status":"open","sticky":false,"template":"","format":"standard","meta":{"footnotes":""},"categories":[5,33],"tags":[],"class_list":["post-59780","post","type-post","status-publish","format-standard","has-post-thumbnail","hentry","category-actualidad","category-seguridad"],"_links":{"self":[{"href":"https:\/\/vinasfm.com\/noticias\/wp-json\/wp\/v2\/posts\/59780","targetHints":{"allow":["GET"]}}],"collection":[{"href":"https:\/\/vinasfm.com\/noticias\/wp-json\/wp\/v2\/posts"}],"about":[{"href":"https:\/\/vinasfm.com\/noticias\/wp-json\/wp\/v2\/types\/post"}],"author":[{"embeddable":true,"href":"https:\/\/vinasfm.com\/noticias\/wp-json\/wp\/v2\/users\/8"}],"replies":[{"embeddable":true,"href":"https:\/\/vinasfm.com\/noticias\/wp-json\/wp\/v2\/comments?post=59780"}],"version-history":[{"count":2,"href":"https:\/\/vinasfm.com\/noticias\/wp-json\/wp\/v2\/posts\/59780\/revisions"}],"predecessor-version":[{"id":59815,"href":"https:\/\/vinasfm.com\/noticias\/wp-json\/wp\/v2\/posts\/59780\/revisions\/59815"}],"wp:featuredmedia":[{"embeddable":true,"href":"https:\/\/vinasfm.com\/noticias\/wp-json\/wp\/v2\/media\/59783"}],"wp:attachment":[{"href":"https:\/\/vinasfm.com\/noticias\/wp-json\/wp\/v2\/media?parent=59780"}],"wp:term":[{"taxonomy":"category","embeddable":true,"href":"https:\/\/vinasfm.com\/noticias\/wp-json\/wp\/v2\/categories?post=59780"},{"taxonomy":"post_tag","embeddable":true,"href":"https:\/\/vinasfm.com\/noticias\/wp-json\/wp\/v2\/tags?post=59780"}],"curies":[{"name":"wp","href":"https:\/\/api.w.org\/{rel}","templated":true}]}}