{"id":59745,"date":"2019-10-10T09:00:18","date_gmt":"2019-10-10T12:00:18","guid":{"rendered":"http:\/\/vinasfm.com\/noticias\/?p=59745"},"modified":"2019-10-11T08:58:20","modified_gmt":"2019-10-11T11:58:20","slug":"villa-atuel-no-recayo-imputacion-sobre-la-mujer-investigada-de-supuesto-maltrato-a-su-hijo-de-5-meses","status":"publish","type":"post","link":"https:\/\/vinasfm.com\/noticias\/villa-atuel-no-recayo-imputacion-sobre-la-mujer-investigada-de-supuesto-maltrato-a-su-hijo-de-5-meses\/","title":{"rendered":"VILLA ATUEL: NO RECAY\u00d3 IMPUTACI\u00d3N SOBRE LA MUJER INVESTIGADA DE SUPUESTO MALTRATO A SU HIJO DE 5 MESES"},"content":{"rendered":"<h4><strong>El pasado martes 24 de septiembre se conoci\u00f3 un hecho que conmocion\u00f3 a la provincia y tuvo que ver con el ingreso de un menor de 5 meses al Hospital \u201cEnfermeros Argentinos\u201d con fractura de h\u00famero.\u00a0<\/strong><\/h4>\n<p>El hecho ocurri\u00f3 en una vivienda ubicada en\u00a0<strong>calle Sarmiento de Villa Atuel<\/strong> por lo que <strong>Paz Hansel<\/strong> (<strong>25<\/strong>),progenitora del menor, lo llev\u00f3 al Centro de Salud del mencionado distrito, donde los m\u00e9dicos, ante la gravedad de las heridas, derivaron de urgencia al ni\u00f1o al hospital de nuestro departamento.<\/p>\n<h5><strong><em>Ver tambi\u00e9n: <a href=\"http:\/\/vinasfm.com\/noticias\/investigan-si-un-nino-de-5-meses-fue-victima-de-maltrato-infantil\/\">http:\/\/vinasfm.com\/noticias\/investigan-si-un-nino-de-5-meses-fue-victima-de-maltrato-infantil\/<\/a><\/em><\/strong><\/h5>\n<p>Luego de que varias fuentes extraoficiales aducieran que Hansel habr\u00eda perpetrado agresiones para con su hijo en otras ocasiones, se sospech\u00f3 que las lesiones que revisti\u00f3 el peque\u00f1o el pasado mes no hab\u00edan sido provocadas en un accidente dom\u00e9stico.<\/p>\n<p>Una vez en el nosocomio alvearense, el peque\u00f1o de 5 meses fue internado en pediatr\u00eda junto con su madre bajo la custodia de un efectivo policial. La Justicia inici\u00f3, en ese momento, un proceso de investigaci\u00f3n con el fin de determinar, junto con los m\u00e9dicos intervinientes, cu\u00e1l hab\u00eda sido la causa de la fractura.<\/p>\n<p><strong>Dos semanas despu\u00e9s de conocido el hecho<\/strong>, la producci\u00f3n de <strong><em>F.M. Vi\u00f1as<\/em><\/strong> retom\u00f3 el seguimiento del caso donde fuentes oficiales le confiaron que <strong>no existe imputaci\u00f3n ni detenci\u00f3n de la supuesta autora de maltrato infantil por carencia de pruebas implicatorias<\/strong><strong>.<\/strong><\/p>\n<p>Actualmente <strong>el peque\u00f1o se encuentra al cuidado de Paz mientras que<\/strong> <strong>trabaja el \u00f3rgano administrativo con el correspondiente seguimiento<\/strong>.<\/p>\n<h5><em>F.B. (F.M. Vi\u00f1as).<\/em><\/h5>\n","protected":false},"excerpt":{"rendered":"<p>El pasado martes 24 de septiembre se conoci\u00f3 un hecho que conmocion\u00f3 a la provincia y tuvo que ver con el &#8230;<\/p>\n","protected":false},"author":8,"featured_media":219,"comment_status":"open","ping_status":"open","sticky":false,"template":"","format":"standard","meta":{"footnotes":""},"categories":[5,4],"tags":[],"class_list":["post-59745","post","type-post","status-publish","format-standard","has-post-thumbnail","hentry","category-actualidad","category-policiales"],"_links":{"self":[{"href":"https:\/\/vinasfm.com\/noticias\/wp-json\/wp\/v2\/posts\/59745","targetHints":{"allow":["GET"]}}],"collection":[{"href":"https:\/\/vinasfm.com\/noticias\/wp-json\/wp\/v2\/posts"}],"about":[{"href":"https:\/\/vinasfm.com\/noticias\/wp-json\/wp\/v2\/types\/post"}],"author":[{"embeddable":true,"href":"https:\/\/vinasfm.com\/noticias\/wp-json\/wp\/v2\/users\/8"}],"replies":[{"embeddable":true,"href":"https:\/\/vinasfm.com\/noticias\/wp-json\/wp\/v2\/comments?post=59745"}],"version-history":[{"count":2,"href":"https:\/\/vinasfm.com\/noticias\/wp-json\/wp\/v2\/posts\/59745\/revisions"}],"predecessor-version":[{"id":59764,"href":"https:\/\/vinasfm.com\/noticias\/wp-json\/wp\/v2\/posts\/59745\/revisions\/59764"}],"wp:featuredmedia":[{"embeddable":true,"href":"https:\/\/vinasfm.com\/noticias\/wp-json\/wp\/v2\/media\/219"}],"wp:attachment":[{"href":"https:\/\/vinasfm.com\/noticias\/wp-json\/wp\/v2\/media?parent=59745"}],"wp:term":[{"taxonomy":"category","embeddable":true,"href":"https:\/\/vinasfm.com\/noticias\/wp-json\/wp\/v2\/categories?post=59745"},{"taxonomy":"post_tag","embeddable":true,"href":"https:\/\/vinasfm.com\/noticias\/wp-json\/wp\/v2\/tags?post=59745"}],"curies":[{"name":"wp","href":"https:\/\/api.w.org\/{rel}","templated":true}]}}