{"id":59741,"date":"2019-10-10T07:48:20","date_gmt":"2019-10-10T10:48:20","guid":{"rendered":"http:\/\/vinasfm.com\/noticias\/?p=59741"},"modified":"2019-10-11T09:55:51","modified_gmt":"2019-10-11T12:55:51","slug":"un-grupo-de-alvearenses-participa-de-la-vi-convencion-de-agentes-socio-sanitarios-en-tucuman","status":"publish","type":"post","link":"https:\/\/vinasfm.com\/noticias\/un-grupo-de-alvearenses-participa-de-la-vi-convencion-de-agentes-socio-sanitarios-en-tucuman\/","title":{"rendered":"UN GRUPO DE ALVEARENSES PARTICIPA DE LA VI CONVENCI\u00d3N DE AGENTES SOCIO SANITARIOS EN TUCUM\u00c1N"},"content":{"rendered":"<h4><strong>14 agentes sanitarios de General Alvear se encuentran participando de la VI Convenci\u00f3n de Agentes Socio Sanitarios que se desarrolla en Tucum\u00e1n desde este mi\u00e9rcoles y hasta el viernes 11.<\/strong><\/h4>\n<p>Del encuentro nacional, que se realiza en los salones de la Sociedad Rural de la mencionada provincia, <strong>participan cerca de 600 agentes de 17 provincias<\/strong>.<\/p>\n<p>El <strong>Licenciado en Enfermer\u00eda Juan Jos\u00e9 Castro<\/strong>, <strong>Coordinador del \u00c1rea Departamental de Salud<\/strong>, mantuvo di\u00e1logo telef\u00f3nico con <strong><em>F.M. Vi\u00f1as<\/em><\/strong> y expres\u00f3: \u201c<em>En este congreso se re\u00fanen agentes sanitarios de todo el pa\u00eds y luego se decide en qu\u00e9 lugar se realizar\u00e1 el pr\u00f3ximo a\u00f1o. De San Rafael fueron 2 y de Malarg\u00fce 4 que se suman a los <strong>14 alvearenses<\/strong>\u201d.<\/em><\/p>\n<p><em>\u201cEl Hospital no tiene agentes sanitarios, los que han viajado son del \u00c1rea Departamental\u201d, <\/em>explic\u00f3<em>.<\/em> Sobre la forma que adoptan los interesados para solventar los gastos de viaje y dem\u00e1s insumos subray\u00f3:<em> \u201cPara viajar trabajan todo el a\u00f1o recaudando a trav\u00e9s de una cuota mensual o diferentes actividades\u201d.<\/em><\/p>\n<p>Respecto a las tem\u00e1ticas que se tratan en el Congreso, que transita su VI edici\u00f3n, Castro indic\u00f3: \u201c<em>All\u00ed los agentes de distintos lugares expone las soluciones que aplican a diferentes problem\u00e1ticas ayudando a reproducirla en casos donde se presente alg\u00fan inconveniente<\/em> <em>\u00a0en otro lugar\u201d.<\/em><\/p>\n<p><em>\u201cAdem\u00e1s se tratan diversos puntos de la ley vigente para que se los enmarque dentro de la legislaci\u00f3n y se les facilite acceder a otro nivel acad\u00e9mico que les permita desarrollarse en el servicio de salud\u201d, <\/em>agreg\u00f3.<\/p>\n<p><strong>\u00bfQu\u00e9 funci\u00f3n cumple un agente socio sanitario?<\/strong><\/p>\n<p>No son m\u00e9dicos, ni enfermeros. Pero tienen un rol fundamental a la hora de hablar de la salud. Los agentes sanitarios, verdaderos apoyos para los profesionales de las distintas ramas de la medicina, entre otras tareas se ocupan de hacer relevamientos casa por casa y dar nociones b\u00e1sicas a la comunidad como la importancia de la vacunaci\u00f3n. En la mayor\u00eda de los casos son vecinos que tras capacitarse no s\u00f3lo est\u00e1n atentos a temas de salud, sino que resuelven o facilitan muchas otras necesidades.<\/p>\n<h5><em>F.B. (F.M. Vi\u00f1as).<\/em><\/h5>\n","protected":false},"excerpt":{"rendered":"<p>14 agentes sanitarios de General Alvear se encuentran participando de la VI Convenci\u00f3n de Agentes Socio Sanitarios que se desarrolla en &#8230;<\/p>\n","protected":false},"author":8,"featured_media":59743,"comment_status":"open","ping_status":"open","sticky":false,"template":"","format":"standard","meta":{"footnotes":""},"categories":[5,15],"tags":[],"class_list":["post-59741","post","type-post","status-publish","format-standard","has-post-thumbnail","hentry","category-actualidad","category-salud"],"_links":{"self":[{"href":"https:\/\/vinasfm.com\/noticias\/wp-json\/wp\/v2\/posts\/59741","targetHints":{"allow":["GET"]}}],"collection":[{"href":"https:\/\/vinasfm.com\/noticias\/wp-json\/wp\/v2\/posts"}],"about":[{"href":"https:\/\/vinasfm.com\/noticias\/wp-json\/wp\/v2\/types\/post"}],"author":[{"embeddable":true,"href":"https:\/\/vinasfm.com\/noticias\/wp-json\/wp\/v2\/users\/8"}],"replies":[{"embeddable":true,"href":"https:\/\/vinasfm.com\/noticias\/wp-json\/wp\/v2\/comments?post=59741"}],"version-history":[{"count":2,"href":"https:\/\/vinasfm.com\/noticias\/wp-json\/wp\/v2\/posts\/59741\/revisions"}],"predecessor-version":[{"id":59865,"href":"https:\/\/vinasfm.com\/noticias\/wp-json\/wp\/v2\/posts\/59741\/revisions\/59865"}],"wp:featuredmedia":[{"embeddable":true,"href":"https:\/\/vinasfm.com\/noticias\/wp-json\/wp\/v2\/media\/59743"}],"wp:attachment":[{"href":"https:\/\/vinasfm.com\/noticias\/wp-json\/wp\/v2\/media?parent=59741"}],"wp:term":[{"taxonomy":"category","embeddable":true,"href":"https:\/\/vinasfm.com\/noticias\/wp-json\/wp\/v2\/categories?post=59741"},{"taxonomy":"post_tag","embeddable":true,"href":"https:\/\/vinasfm.com\/noticias\/wp-json\/wp\/v2\/tags?post=59741"}],"curies":[{"name":"wp","href":"https:\/\/api.w.org\/{rel}","templated":true}]}}