{"id":59691,"date":"2019-10-09T11:20:44","date_gmt":"2019-10-09T14:20:44","guid":{"rendered":"http:\/\/vinasfm.com\/noticias\/?p=59691"},"modified":"2019-10-10T10:06:31","modified_gmt":"2019-10-10T13:06:31","slug":"el-rio-atuel-presenta-su-peor-nivel-de-agua-en-48-anos","status":"publish","type":"post","link":"https:\/\/vinasfm.com\/noticias\/el-rio-atuel-presenta-su-peor-nivel-de-agua-en-48-anos\/","title":{"rendered":"EL R\u00cdO ATUEL PRESENTA SU PEOR NIVEL DE AGUA EN CASI 50 A\u00d1OS"},"content":{"rendered":"<h4><strong>Seg\u00fan la estimaci\u00f3n anual que realiza Irrigaci\u00f3n todos los a\u00f1os, la disponibilidad de agua total en la provincia para la pr\u00f3xima temporada y para los r\u00edos con hect\u00e1reas bajo riego, se espera sea del 54% de un a\u00f1o medio.<\/strong><\/h4>\n<p>En la ma\u00f1ana del martes se present\u00f3 el\u00a0Pron\u00f3stico de Caudales de los r\u00edos de Mendoza 2019-2020 . <strong>El panorama es menos alentador que el de la temporada anterior: habr\u00e1 alrededor de 11% menos de agua que en 2018-2019. La extrema sequ\u00eda ha provocado que muchos glaciares en la naciente de las cuencas vayan desapareciendo y las reservas cayendo.<\/strong><\/p>\n<p>\u201cSe trata de generar conciencia. El a\u00f1o pasado dijimos que esto no era una emergencia, ya era algo instalado. Hab\u00eda que cambiar ese paradigma y, en funci\u00f3n de eso, generar acciones necesarias para cuidar el recurso h\u00eddrico. Hace 10 u 11 a\u00f1os que se repiten los panoramas a\u00f1o tras a\u00f1o. Dependiendo el r\u00edo, hay menor cantidad de agua disponible\u201d, asegur\u00f3 al comienzo de su presentaci\u00f3n el superintendente de Irrigaci\u00f3n, Sergio Marinelli.<\/p>\n<p>\u201cIndependientemente de qu\u00e9 sector estemos trabajando, todos tenemos que hacer algo para mejorar la eficiencia y contribuir en mayor o menor medida a que nos vaya mejor. Nadie que tiene hoy una concesi\u00f3n de agua en Mendoza se puede dar el lujo de derrocharla\u201d, agreg\u00f3 Marinelli.<\/p>\n<h4><strong>Sobre la presentaci\u00f3n del pron\u00f3stico<\/strong><\/h4>\n<p>El ingeniero Rub\u00e9n Villodas, director de Gesti\u00f3n H\u00eddrica de Irrigaci\u00f3n, fue el encargado de prensentar la estimaci\u00f3n anual que realiza el organismo. Estos fueron algunas de los detalles que esboz\u00f3 en su exposici\u00f3n:<\/p>\n<p><strong>\u201cEl total de agua disponible en la provincia para la temporada 2019\/2020, para los r\u00edos con \u00e1reas bajo riego, se espera que sea del 54% de un a\u00f1o medio. <\/strong><strong>En general, se espera que en la temporada 2019\/2020 haya alrededor de un 11% menos de agua de la 2018\/2019\u201d.<\/strong><\/p>\n<h4><strong>La situaci\u00f3n en los r\u00edos del sur:<\/strong><\/h4>\n<div id=\"attachment_57082\" style=\"width: 300px\" class=\"wp-caption alignright\"><a href=\"http:\/\/vinasfm.com\/noticias\/wp-content\/uploads\/2019\/08\/RIO-ATUEL.jpeg\"><img loading=\"lazy\" decoding=\"async\" aria-describedby=\"caption-attachment-57082\" class=\"wp-image-57082 size-medium\" src=\"http:\/\/vinasfm.com\/noticias\/wp-content\/uploads\/2019\/08\/RIO-ATUEL-300x225.jpeg\" alt=\"\" width=\"300\" height=\"225\" srcset=\"https:\/\/vinasfm.com\/noticias\/wp-content\/uploads\/2019\/08\/RIO-ATUEL-300x225.jpeg 300w, https:\/\/vinasfm.com\/noticias\/wp-content\/uploads\/2019\/08\/RIO-ATUEL-768x576.jpeg 768w, https:\/\/vinasfm.com\/noticias\/wp-content\/uploads\/2019\/08\/RIO-ATUEL-1024x768.jpeg 1024w, https:\/\/vinasfm.com\/noticias\/wp-content\/uploads\/2019\/08\/RIO-ATUEL.jpeg 1040w\" sizes=\"auto, (max-width: 300px) 100vw, 300px\" \/><\/a><p id=\"caption-attachment-57082\" class=\"wp-caption-text\">R\u00edo Atuel durante la corta. Agosto 2019<\/p><\/div>\n<h4><em>R\u00edo Atuel:<\/em><\/h4>\n<h4><strong>A\u00f1o hidrol\u00f3gico pronosticado: Seco.<\/strong><\/h4>\n<p><strong>Porcentaje respecto de un a\u00f1o medio: 53%.<\/strong><\/p>\n<p><strong>2018\/19 fue el peor a\u00f1o en los \u00faltimos 48 a\u00f1os.<\/strong><\/p>\n<p><strong>2019\/20 se espera que haya un 17% menos de agua que en 2018\/19.<\/strong><\/p>\n<p><strong><em>\u00abLa situaci\u00f3n es a\u00fan m\u00e1s complicada porque no tenemos nieve, es el peor a\u00f1o y los pron\u00f3sticos tampoco son muy buenos por la cantidad de lluvia que vamos a tener\u00bb,<\/em> reflej\u00f3 a F.M. Vi\u00f1as Gustavo Villegas, Consejero del R\u00edo Atuel.<\/strong><\/p>\n<p>A menos de dos meses de haber finalizado la corta de agua, ya comenz\u00f3 el seccionado en las diferentes inspecciones.<\/p>\n<p><strong><em>R\u00edo Malarg\u00fce<\/em><\/strong><\/p>\n<p>A\u00f1o hidrol\u00f3gico pronosticado: Seco.<\/p>\n<p>Porcentaje respecto a un a\u00f1o medio: 46%.<\/p>\n<p><strong><em>R\u00edo Diamante<\/em><\/strong><\/p>\n<p>A\u00f1o hidrol\u00f3gico pronosticado: Seco.<\/p>\n<p>Porcentaje respecto de un a\u00f1o medio: 47%.<\/p>\n<p>2018\/19 fue el segundo peor a\u00f1o en los 48 a\u00f1os de registro existente (1996\/97 fue el peor).<\/p>\n<p>2018\/19 se registraron 3 meses como m\u00ednimos absolutos de 48 a\u00f1os.<\/p>\n<p>2019\/20 se espera que haya 8% menos de agua que en 2018\/19.<\/p>\n<p><strong><em>R\u00edo Grande<\/em><\/strong><\/p>\n<p>A\u00f1o hidrol\u00f3gico pronosticado: Seco.<\/p>\n<p>Porcentaje respecto de un a\u00f1o medio: 41%.<\/p>\n<p>&nbsp;<\/p>\n<h5><em><strong>A.C.<\/strong><\/em><\/h5>\n","protected":false},"excerpt":{"rendered":"<p>Seg\u00fan la estimaci\u00f3n anual que realiza Irrigaci\u00f3n todos los a\u00f1os, la disponibilidad de agua total en la provincia para la pr\u00f3xima &#8230;<\/p>\n","protected":false},"author":7,"featured_media":48038,"comment_status":"open","ping_status":"open","sticky":false,"template":"","format":"standard","meta":{"footnotes":""},"categories":[5,14,37],"tags":[],"class_list":["post-59691","post","type-post","status-publish","format-standard","has-post-thumbnail","hentry","category-actualidad","category-agro","category-irrigacion"],"_links":{"self":[{"href":"https:\/\/vinasfm.com\/noticias\/wp-json\/wp\/v2\/posts\/59691","targetHints":{"allow":["GET"]}}],"collection":[{"href":"https:\/\/vinasfm.com\/noticias\/wp-json\/wp\/v2\/posts"}],"about":[{"href":"https:\/\/vinasfm.com\/noticias\/wp-json\/wp\/v2\/types\/post"}],"author":[{"embeddable":true,"href":"https:\/\/vinasfm.com\/noticias\/wp-json\/wp\/v2\/users\/7"}],"replies":[{"embeddable":true,"href":"https:\/\/vinasfm.com\/noticias\/wp-json\/wp\/v2\/comments?post=59691"}],"version-history":[{"count":2,"href":"https:\/\/vinasfm.com\/noticias\/wp-json\/wp\/v2\/posts\/59691\/revisions"}],"predecessor-version":[{"id":59742,"href":"https:\/\/vinasfm.com\/noticias\/wp-json\/wp\/v2\/posts\/59691\/revisions\/59742"}],"wp:featuredmedia":[{"embeddable":true,"href":"https:\/\/vinasfm.com\/noticias\/wp-json\/wp\/v2\/media\/48038"}],"wp:attachment":[{"href":"https:\/\/vinasfm.com\/noticias\/wp-json\/wp\/v2\/media?parent=59691"}],"wp:term":[{"taxonomy":"category","embeddable":true,"href":"https:\/\/vinasfm.com\/noticias\/wp-json\/wp\/v2\/categories?post=59691"},{"taxonomy":"post_tag","embeddable":true,"href":"https:\/\/vinasfm.com\/noticias\/wp-json\/wp\/v2\/tags?post=59691"}],"curies":[{"name":"wp","href":"https:\/\/api.w.org\/{rel}","templated":true}]}}