{"id":59671,"date":"2019-10-09T08:25:26","date_gmt":"2019-10-09T11:25:26","guid":{"rendered":"http:\/\/vinasfm.com\/noticias\/?p=59671"},"modified":"2019-10-09T08:32:50","modified_gmt":"2019-10-09T11:32:50","slug":"conoce-como-funciona-la-oficina-municipal-de-asesoramiento-en-adopciones","status":"publish","type":"post","link":"https:\/\/vinasfm.com\/noticias\/conoce-como-funciona-la-oficina-municipal-de-asesoramiento-en-adopciones\/","title":{"rendered":"CONOC\u00c9 C\u00d3MO FUNCIONA LA OFICINA MUNICIPAL DE ASESORAMIENTO EN ADOPCIONES"},"content":{"rendered":"<h4><strong>Desde la Oficina Municipal de Asesoramiento en Adopciones (oM\u00c1a) brindaron detalles sobre la funci\u00f3n de la misma en conjunci\u00f3n con el trabajo realizado en nuestro departamento desde agosto de 2018. La Lic. M\u00f3nica Herrera explic\u00f3 los requisitos para adoptar, estado de los ni\u00f1os en situaci\u00f3n de adoptabilidad y los proyectos pensados para reducir el tiempo de la tramitolog\u00eda para adopci\u00f3n.<\/strong><\/h4>\n<p>La existencia de la <strong>Oficina Municipal de Asesoramiento en Adopciones<\/strong> <strong>surgi\u00f3 a partir del proyecto presentado por el concejal Nancy Vinnitchenko<\/strong> proponiendo que Alvear albergue una entidad que trabaje en pos de acelerar los procesos de adopci\u00f3n y asesore a los interesados. La oficina <strong>presta servicio de lunes a viernes entre las 07:00h y las 13:00 h en calle San Rafael 163<\/strong>.<\/p>\n<p>Cabe destacar que <strong>en la Provincia solo hay tres oficinas de este tipo<\/strong>. Esta oficina <strong>funciona en la \u00f3rbita de la Direcci\u00f3n de Desarrollo<\/strong> <strong>Social<\/strong> y es un complemento al servicio de la justicia que apuntar\u00e1 a agilizar los tr\u00e1mites y que las familias que quieran adoptar puedan cumplir ese sue\u00f1o.<\/p>\n<p>\u201c<em>Es una oficina que apunta al asesoramiento a quienes piensan adoptar, est\u00e1 abocada a parejas, personas solteras o quienes tengan relaci\u00f3n de parentesco. Los asesoramos en cuanto a los primeros procedimientos que deben realizar en el rubro<\/em>\u201d, explic\u00f3 la <strong>Lic.<\/strong> <strong>M\u00f3nica Herrera<\/strong>, a cargo de oM\u00c1a.<\/p>\n<p>Otra de las funciones es la de asesorar a madres embarazadas que quieran dar en adopci\u00f3n a sus hijos: \u201c<em>Acompa\u00f1amos el proceso de gestaci\u00f3n y trabajamos con el Juzgado de Familia para que esa mam\u00e1 que ya en su momento de gestaci\u00f3n decide dar en adopci\u00f3n al beb\u00e9 se le haga un acompa\u00f1amiento luego de la decisi\u00f3n tomada\u201d, <\/em>subray\u00f3 Herrera.<\/p>\n<p>Como dato importante y a modos de dimensionar la realidad respecto a este tema, <strong>M\u00f3nica Herrera<\/strong> inform\u00f3 que \u201c<em>en la Ciudad de Mendoza son alrededor de 800 familias que est\u00e1n en espera para la adopci\u00f3n y 250 en espera de ser adoptados, de ese n\u00famero, el 30 por ciento est\u00e1n en situaci\u00f3n de\u00a0 discapacidad y el 50 por ciento tiene edades que superan los 6 a\u00f1os\u201d.<\/em><\/p>\n<p>La asesora de la Oficina de Adopciones <strong>resalt\u00f3 otro proyecto presentado<\/strong>, el cual recibi\u00f3 media sanci\u00f3n, en el <strong>que se pretende acortar el tiempo para padres quienes quieran adoptar<\/strong> dado que actualmente depende de distintas variables: <strong>Cantidad de familias inscriptas, Disponibilidad adoptiva de los aspirantes y Caracter\u00edstica y necesidades de los ni\u00f1os en situaci\u00f3n de adoptabilidad<\/strong>.<\/p>\n<p>\u201c<em>Se present\u00f3 otro proyecto para tratar de reducir el tiempo para la adopci\u00f3n para que los ni\u00f1os puedan tener una familia r\u00e1pidamente. Es importante que quienes pretendan adoptar, al momento de rellenar el formulario tengan en cuenta especificar algunas cuestiones como si tienen una vivienda en condiciones, un sueldo estable y dem\u00e1s. En realidad se ve la predisposici\u00f3n y el deseo de los que van a adoptar<\/em>\u201d, expres\u00f3.<\/p>\n<p><strong>-\u00bfQui\u00e9nes pueden adoptar?<\/strong><\/p>\n<p>Las personas que cumplan con los siguientes requisitos:<\/p>\n<ul>\n<li>Ser mayor de 25 a\u00f1os, excepto que su c\u00f3nyuge o conviviente que adopta conjuntamente cumpla con este requisito.<\/li>\n<li>Ser de nacionalidad argentina o naturalizado en el pa\u00eds, o si es extranjero que resida permanentemente en el pa\u00eds por un periodo m\u00ednimo de 5 a\u00f1os anterior a la petici\u00f3n de guarda con fines de adopci\u00f3n.<\/li>\n<li>Tener como m\u00ednimo 16 a\u00f1os m\u00e1s que la persona adoptada, excepto que se trate del c\u00f3nyuge o conviviente que adopta al hijo del otro c\u00f3nyuge o conviviente.<\/li>\n<li>Estar inscriptos en el Registro \u00danico de Adopci\u00f3n.<\/li>\n<\/ul>\n<p><strong>-\u00bfQu\u00e9 documentaci\u00f3n tengo que presentar para inscribirme?<\/strong><\/p>\n<ol>\n<li>Fotocopia del Documento Nacional de Identidad (DNI)<\/li>\n<li>Copia certificada de la partida de nacimiento de los aspirantes y de sus hijos (si los hubiere).<\/li>\n<li>Copia certificada de la partida de matrimonio (si son casados).<\/li>\n<li>En caso de ser divorciado(a), copia certificada de la sentencia de divorcio o documento equivalente.<\/li>\n<li>Las parejas en uni\u00f3n convivencial deben presentar el documento que emite el Registro de Estado Civil y Capacidad de las Personas, en el que se reconoce la uni\u00f3n convivencial, o cualquier otro documento que acredite la fecha de la uni\u00f3n (por ejemplo, certificado de convivencia. Si no tuviere ninguno de estos certificados se llenar\u00e1 una declaraci\u00f3n jurada).<\/li>\n<li>Certificados negativos de antecedentes policiales de cada aspirante.<\/li>\n<li>Bono de sueldo o declaraci\u00f3n Jurada que acredite ingresos econ\u00f3micos.<\/li>\n<li>Fotograf\u00eda actualizada de la persona o familia, con una antig\u00fcedad no mayor a 6 meses.<\/li>\n<\/ol>\n<p><strong>Previo a la inscripci\u00f3n deben realizarse las reuniones informativas<\/strong>. Estas pueden realizarse en forma presencial o virtual. Para participar en las reuniones se debe llamar por tel\u00e9fono al Registro e inscribirme o enviar correo electr\u00f3nico al siguiente e-mail: <strong>ruamendoza@jus.mendoza.gov.ar<\/strong> colocando el nombre y apellido, D.N.I., tel\u00e9fono y correo electr\u00f3nico.<\/p>\n<p><strong>-\u00bfTodos los ni\u00f1os, ni\u00f1as y adolescentes que se encuentran en hogares de DINAF pueden ser adoptados? <\/strong><\/p>\n<p>\u201c<em>No. Para que la Direcci\u00f3n de Ni\u00f1ez, Adolescencia y Familia promueva la adopci\u00f3n de un ni\u00f1o, ni\u00f1a o adolescente, previamente debe ser declarado\/a en situaci\u00f3n de adoptabilidad por el Juez competente\u201d.<\/em><\/p>\n<h5><em>F.B. \/ R.B. (F.M. Vi\u00f1as).<\/em><\/h5>\n","protected":false},"excerpt":{"rendered":"<p>Desde la Oficina Municipal de Asesoramiento en Adopciones (oM\u00c1a) brindaron detalles sobre la funci\u00f3n de la misma en conjunci\u00f3n con el &#8230;<\/p>\n","protected":false},"author":8,"featured_media":59672,"comment_status":"open","ping_status":"open","sticky":false,"template":"","format":"standard","meta":{"footnotes":""},"categories":[5,10],"tags":[],"class_list":["post-59671","post","type-post","status-publish","format-standard","has-post-thumbnail","hentry","category-actualidad","category-destacadas"],"_links":{"self":[{"href":"https:\/\/vinasfm.com\/noticias\/wp-json\/wp\/v2\/posts\/59671","targetHints":{"allow":["GET"]}}],"collection":[{"href":"https:\/\/vinasfm.com\/noticias\/wp-json\/wp\/v2\/posts"}],"about":[{"href":"https:\/\/vinasfm.com\/noticias\/wp-json\/wp\/v2\/types\/post"}],"author":[{"embeddable":true,"href":"https:\/\/vinasfm.com\/noticias\/wp-json\/wp\/v2\/users\/8"}],"replies":[{"embeddable":true,"href":"https:\/\/vinasfm.com\/noticias\/wp-json\/wp\/v2\/comments?post=59671"}],"version-history":[{"count":1,"href":"https:\/\/vinasfm.com\/noticias\/wp-json\/wp\/v2\/posts\/59671\/revisions"}],"predecessor-version":[{"id":59680,"href":"https:\/\/vinasfm.com\/noticias\/wp-json\/wp\/v2\/posts\/59671\/revisions\/59680"}],"wp:featuredmedia":[{"embeddable":true,"href":"https:\/\/vinasfm.com\/noticias\/wp-json\/wp\/v2\/media\/59672"}],"wp:attachment":[{"href":"https:\/\/vinasfm.com\/noticias\/wp-json\/wp\/v2\/media?parent=59671"}],"wp:term":[{"taxonomy":"category","embeddable":true,"href":"https:\/\/vinasfm.com\/noticias\/wp-json\/wp\/v2\/categories?post=59671"},{"taxonomy":"post_tag","embeddable":true,"href":"https:\/\/vinasfm.com\/noticias\/wp-json\/wp\/v2\/tags?post=59671"}],"curies":[{"name":"wp","href":"https:\/\/api.w.org\/{rel}","templated":true}]}}