{"id":59648,"date":"2019-10-08T09:44:47","date_gmt":"2019-10-08T12:44:47","guid":{"rendered":"http:\/\/vinasfm.com\/noticias\/?p=59648"},"modified":"2019-10-08T09:44:47","modified_gmt":"2019-10-08T12:44:47","slug":"inseguridad-robaron-en-una-vivienda-del-b-san-carlos-2","status":"publish","type":"post","link":"https:\/\/vinasfm.com\/noticias\/inseguridad-robaron-en-una-vivienda-del-b-san-carlos-2\/","title":{"rendered":"INSEGURIDAD: ROBARON EN UNA VIVIENDA DEL B\u00b0 SAN CARLOS"},"content":{"rendered":"<h4><strong>En horas de la madrugada de este lunes un il\u00edcito contra la propiedad se produjo en una vivienda<\/strong><strong> ubicada en Estanislao Salas, entre Alpatacal y Chacabuco, en ausencia de sus moradores.<\/strong><\/h4>\n<p>Seg\u00fan trascendi\u00f3, los malvivientes luego de forzar la puerta principal, ingresaron y se alzaron con <strong><em>un televisor<\/em><\/strong>, <strong><em>herramientas<\/em><\/strong>, <strong><em>una bicicleta todo terreno<\/em><\/strong> y <strong><em>dinero en efectivo<\/em><\/strong>.<\/p>\n<p>Trabaj\u00f3 en el escenario del robo personal de Polic\u00eda Cient\u00edfica y efectivos de la Seccional local.<\/p>\n<p>El hecho fue denunciado en Comisar\u00eda 14\u00b0 por lo que se labraron actuaciones bajo instrucci\u00f3n de la Oficina Fiscal de Gral. Alvear.<\/p>\n<p><strong>ROBARON OTRA MOTO M\u00c1S<\/strong><\/p>\n<p>Seg\u00fan trascendi\u00f3, en <strong>horas de la madrugada de este lunes<\/strong> una mujer que se encontraba cuidando a su padre internado en el <strong>Sanatorio \u201cAtuel\u201d<\/strong> sufri\u00f3 la<strong> sustracci\u00f3n de su moto 110cc<\/strong> estacionada en la vereda del lugar. Si bien radic\u00f3 la denuncia correspondiente, solicita informaci\u00f3n<\/p>\n<p><img loading=\"lazy\" decoding=\"async\" class=\" wp-image-59656 aligncenter\" src=\"http:\/\/vinasfm.com\/noticias\/wp-content\/uploads\/2019\/10\/72140482_1385615101596691_4648753574761725952_o-e1570538519323-300x223.jpg\" alt=\"\" width=\"410\" height=\"305\" srcset=\"https:\/\/vinasfm.com\/noticias\/wp-content\/uploads\/2019\/10\/72140482_1385615101596691_4648753574761725952_o-e1570538519323-300x223.jpg 300w, https:\/\/vinasfm.com\/noticias\/wp-content\/uploads\/2019\/10\/72140482_1385615101596691_4648753574761725952_o-e1570538519323.jpg 720w\" sizes=\"auto, (max-width: 410px) 100vw, 410px\" \/><\/p>\n<h5><em>F.B. (F.M. Vi\u00f1as).<\/em><\/h5>\n","protected":false},"excerpt":{"rendered":"<p>En horas de la madrugada de este lunes un il\u00edcito contra la propiedad se produjo en una vivienda ubicada en Estanislao &#8230;<\/p>\n","protected":false},"author":8,"featured_media":59657,"comment_status":"open","ping_status":"open","sticky":false,"template":"","format":"standard","meta":{"footnotes":""},"categories":[5,4],"tags":[],"class_list":["post-59648","post","type-post","status-publish","format-standard","has-post-thumbnail","hentry","category-actualidad","category-policiales"],"_links":{"self":[{"href":"https:\/\/vinasfm.com\/noticias\/wp-json\/wp\/v2\/posts\/59648","targetHints":{"allow":["GET"]}}],"collection":[{"href":"https:\/\/vinasfm.com\/noticias\/wp-json\/wp\/v2\/posts"}],"about":[{"href":"https:\/\/vinasfm.com\/noticias\/wp-json\/wp\/v2\/types\/post"}],"author":[{"embeddable":true,"href":"https:\/\/vinasfm.com\/noticias\/wp-json\/wp\/v2\/users\/8"}],"replies":[{"embeddable":true,"href":"https:\/\/vinasfm.com\/noticias\/wp-json\/wp\/v2\/comments?post=59648"}],"version-history":[{"count":1,"href":"https:\/\/vinasfm.com\/noticias\/wp-json\/wp\/v2\/posts\/59648\/revisions"}],"predecessor-version":[{"id":59659,"href":"https:\/\/vinasfm.com\/noticias\/wp-json\/wp\/v2\/posts\/59648\/revisions\/59659"}],"wp:featuredmedia":[{"embeddable":true,"href":"https:\/\/vinasfm.com\/noticias\/wp-json\/wp\/v2\/media\/59657"}],"wp:attachment":[{"href":"https:\/\/vinasfm.com\/noticias\/wp-json\/wp\/v2\/media?parent=59648"}],"wp:term":[{"taxonomy":"category","embeddable":true,"href":"https:\/\/vinasfm.com\/noticias\/wp-json\/wp\/v2\/categories?post=59648"},{"taxonomy":"post_tag","embeddable":true,"href":"https:\/\/vinasfm.com\/noticias\/wp-json\/wp\/v2\/tags?post=59648"}],"curies":[{"name":"wp","href":"https:\/\/api.w.org\/{rel}","templated":true}]}}