{"id":59632,"date":"2019-10-08T07:00:06","date_gmt":"2019-10-08T10:00:06","guid":{"rendered":"http:\/\/vinasfm.com\/noticias\/?p=59632"},"modified":"2019-10-09T09:20:47","modified_gmt":"2019-10-09T12:20:47","slug":"quien-es-quien-dentro-de-la-banda-de-la-narcogomeria","status":"publish","type":"post","link":"https:\/\/vinasfm.com\/noticias\/quien-es-quien-dentro-de-la-banda-de-la-narcogomeria\/","title":{"rendered":"QUI\u00c9N ES QUI\u00c9N DENTRO DE LA BANDA DE LA \u201cNARCOGOMER\u00cdA\u201d"},"content":{"rendered":"<p>Muchos art\u00edculos period\u00edsticos se han dedicado a la investigaci\u00f3n de la Polic\u00eda Federal que deriv\u00f3, desde el 17 de agosto a la fecha, en una serie de allanamientos que incluyeron la detenci\u00f3n de seis hombres, secuestro de drogas y numerosos elementos que han sido de utilidad para la causa que comanda el juez Eduardo Puigd\u00e9ngolas. Hoy nos centraremos en contar el rol que ten\u00eda cada uno de esos sujetos. Vale aclarar que, por pedido judicial, no nos explayamos en nombres y apellidos para no entorpecer el proceso.<\/p>\n<h4><strong>El chofer<\/strong><\/h4>\n<p>Est\u00e1 procesado por participaci\u00f3n necesaria para el delito de narcotr\u00e1fico. Era quien conduc\u00eda el cami\u00f3n que iba desde Mendoza hasta Entre R\u00edos y volv\u00eda con droga que luego depositaba en Las Heras. Trabajaba para una empresa de materiales de construcci\u00f3n y aprovechaba esa funci\u00f3n para cargar marihuana y coca\u00edna en la provincia del litoral que luego trasladaba a tierra mendocina. Est\u00e1 procesado y tiene prisi\u00f3n preventiva.<\/p>\n<h4><strong>El principal<\/strong> <strong>proveedor<\/strong><\/h4>\n<p>En Las Heras se encontraba el principal proveedor de la banda narco que cay\u00f3 en el denominado \u201cOperativo Narcogomer\u00eda\u201d. En una propiedad del departamento del norte, Dardo Ezequiel C\u00e1rdenas recib\u00eda la droga que llegaba desde Entre R\u00edos. Entre sus conexiones, el lasherino ten\u00eda al responsable de una gomer\u00eda del centro de San Rafael, hacia donde viajaba la sustancia para ser repartida en el Sur.<br \/>\nEste hombre est\u00e1 procesado por narcotr\u00e1fico y con prisi\u00f3n preventiva.<\/p>\n<h4><strong>\u201cEl gomero\u201d<\/strong><\/h4>\n<p>En San Rafael, la principal conexi\u00f3n del narco de Las Heras era un joven que trabajaba en una gomer\u00eda de la avenida Yrigoyen, a metros de Moreno. Sebasti\u00e1n Capelli recepcionaba la droga que luego se distribu\u00eda en barrios locales para el \u201cnarcomenudeo\u201d y tambi\u00e9n viajaba a Alvear, donde hab\u00eda otro subproveedor aguardando para distribuirla. Est\u00e1 procesado por narcotr\u00e1fico y con prisi\u00f3n preventiva.<\/p>\n<h4><strong>Los alvearenses<\/strong><\/h4>\n<p>En General Alvear tambi\u00e9n hab\u00eda un hombre encargado de recibir la droga para luego distribuirla en lugares que se dedicaban al \u201cnarcomenudeo\u201d. Juan Bautista Rodr\u00edguez, alias \u00abToto\u00bb, est\u00e1 procesado y con prisi\u00f3n preventiva. De acuerdo con la investigaci\u00f3n, el sujeto recib\u00eda la sustancia de otro integrante de la banda que oficiaba de transportista. De ese departamento tambi\u00e9n es Cristian Andrade, otro de los involucrados.<\/p>\n<h4><strong>El financista<\/strong><\/h4>\n<p>Finalmente debemos referirnos al hombre que se encargaba de solventar econ\u00f3micamente las operaciones ilegales de la banda narco. De acuerdo con la investigaci\u00f3n, Pablo Perruzzi era quien libraba cheques y aportaba dinero para sostener la actividad. En el mundo narco este aspecto es clave, pues sin esa financiaci\u00f3n no hubiese sido posible el transporte de la droga desde Entre R\u00edos hasta Las Heras y desde ese departamento hasta el Sur. Fue procesado por participaci\u00f3n necesaria en el delito de narcotr\u00e1fico y tiene prisi\u00f3n preventiva.<\/p>\n<h5><strong><em>Fuente: Diario San Rafael \/Edici\u00f3n: A.C.<\/em><\/strong><\/h5>\n","protected":false},"excerpt":{"rendered":"<p>Muchos art\u00edculos period\u00edsticos se han dedicado a la investigaci\u00f3n de la Polic\u00eda Federal que deriv\u00f3, desde el 17 de agosto a &#8230;<\/p>\n","protected":false},"author":7,"featured_media":59661,"comment_status":"open","ping_status":"open","sticky":false,"template":"","format":"standard","meta":{"footnotes":""},"categories":[5,4],"tags":[],"class_list":["post-59632","post","type-post","status-publish","format-standard","has-post-thumbnail","hentry","category-actualidad","category-policiales"],"_links":{"self":[{"href":"https:\/\/vinasfm.com\/noticias\/wp-json\/wp\/v2\/posts\/59632","targetHints":{"allow":["GET"]}}],"collection":[{"href":"https:\/\/vinasfm.com\/noticias\/wp-json\/wp\/v2\/posts"}],"about":[{"href":"https:\/\/vinasfm.com\/noticias\/wp-json\/wp\/v2\/types\/post"}],"author":[{"embeddable":true,"href":"https:\/\/vinasfm.com\/noticias\/wp-json\/wp\/v2\/users\/7"}],"replies":[{"embeddable":true,"href":"https:\/\/vinasfm.com\/noticias\/wp-json\/wp\/v2\/comments?post=59632"}],"version-history":[{"count":2,"href":"https:\/\/vinasfm.com\/noticias\/wp-json\/wp\/v2\/posts\/59632\/revisions"}],"predecessor-version":[{"id":59720,"href":"https:\/\/vinasfm.com\/noticias\/wp-json\/wp\/v2\/posts\/59632\/revisions\/59720"}],"wp:featuredmedia":[{"embeddable":true,"href":"https:\/\/vinasfm.com\/noticias\/wp-json\/wp\/v2\/media\/59661"}],"wp:attachment":[{"href":"https:\/\/vinasfm.com\/noticias\/wp-json\/wp\/v2\/media?parent=59632"}],"wp:term":[{"taxonomy":"category","embeddable":true,"href":"https:\/\/vinasfm.com\/noticias\/wp-json\/wp\/v2\/categories?post=59632"},{"taxonomy":"post_tag","embeddable":true,"href":"https:\/\/vinasfm.com\/noticias\/wp-json\/wp\/v2\/tags?post=59632"}],"curies":[{"name":"wp","href":"https:\/\/api.w.org\/{rel}","templated":true}]}}