{"id":59614,"date":"2019-10-08T09:20:32","date_gmt":"2019-10-08T12:20:32","guid":{"rendered":"http:\/\/vinasfm.com\/noticias\/?p=59614"},"modified":"2019-10-08T09:40:23","modified_gmt":"2019-10-08T12:40:23","slug":"dictaran-un-nuevo-curso-de-armado-e-impresion-3d-en-el-tecno-sum-de-bowen","status":"publish","type":"post","link":"https:\/\/vinasfm.com\/noticias\/dictaran-un-nuevo-curso-de-armado-e-impresion-3d-en-el-tecno-sum-de-bowen\/","title":{"rendered":"DICTAR\u00c1N UN NUEVO CURSO DE ARMADO E IMPRESI\u00d3N 3D EN EL TECNO SUM DE BOWEN"},"content":{"rendered":"<h4><strong>El jueves 17 de octubre inicia el curso de armado e impresi\u00f3n 3D, abierto a todo p\u00fablico, que tendr\u00e1 lugar en Tecno Sum de Bowen.\u00a0<\/strong><\/h4>\n<p>El curso <strong>constar\u00e1 de cinco clases<\/strong> y un <strong>total de quince horas reloj<\/strong>, <strong>destinado a quienes deseen aprender a realizar impresiones 3D<\/strong> y a <strong>armar su propia impresora<\/strong>, a partir de la adquisici\u00f3n de un kit.<\/p>\n<p>En el municipio se cuenta con kits desarmados, para que quienes asistan aprendan a realizar impresoras 3D y se capaciten en el uso de estos dispositivos.<\/p>\n<p>\u201c<em>El curso es <strong>abierto todo p\u00fablico, libre y gratuito<\/strong>, para que se puedan desprender emprendedores en el uso de este tipo de dispositivo<\/em>\u201d, explic\u00f3 <strong>Mariano Ram\u00edrez<\/strong>, quien est\u00e1 al frente de la <strong>Agencia de Ciencia y Tecnolog\u00eda<\/strong>.<\/p>\n<p>Estos kit vienen preparados para personas con ning\u00fan tipo de conocimiento. En el curso van a aprender acerca de programaci\u00f3n para el uso de las impresoras, tambi\u00e9n acerca de aplicaci\u00f3n, electr\u00f3nica y mecanismos para poder armarlas.<\/p>\n<p>Las <strong>inscripciones est\u00e1n abiertas en Tecno Sum Bowen<\/strong> y en la <strong>Secretar\u00eda de Desarrollo y Promoci\u00f3n Departamental de Ciudad<\/strong>, el <strong>cupo es limitado<\/strong> porque es personalizado este curso que cuenta con capacitadores locales del municipio.<\/p>\n<p><img loading=\"lazy\" decoding=\"async\" class=\" wp-image-59615 aligncenter\" src=\"http:\/\/vinasfm.com\/noticias\/wp-content\/uploads\/2019\/10\/38c1611d-d4bc-405c-8102-d746602386a7-300x290.jpg\" alt=\"\" width=\"566\" height=\"547\" srcset=\"https:\/\/vinasfm.com\/noticias\/wp-content\/uploads\/2019\/10\/38c1611d-d4bc-405c-8102-d746602386a7-300x290.jpg 300w, https:\/\/vinasfm.com\/noticias\/wp-content\/uploads\/2019\/10\/38c1611d-d4bc-405c-8102-d746602386a7-768x742.jpg 768w, https:\/\/vinasfm.com\/noticias\/wp-content\/uploads\/2019\/10\/38c1611d-d4bc-405c-8102-d746602386a7-1024x989.jpg 1024w, https:\/\/vinasfm.com\/noticias\/wp-content\/uploads\/2019\/10\/38c1611d-d4bc-405c-8102-d746602386a7.jpg 1280w\" sizes=\"auto, (max-width: 566px) 100vw, 566px\" \/><\/p>\n<p>Adem\u00e1s, el funcionario remarc\u00f3 que tanto e<strong>n el Tecno Sum Bowen como el Punto Digital de Bodega Fara\u00f3n se encuentran disponibles para que las escuelas del Departamento hagan uso de sus instalaciones<\/strong>. Solo deben solicitarlo en la Secretar\u00eda de Desarrollo y Promoci\u00f3n Departamental o en la Delegaci\u00f3n de Bowen, con una breve descripci\u00f3n de las tareas que van a realizar. <strong>En ambos se puede utilizar proyectores, las computadoras, Internet, realizar un curso on line<\/strong>.<\/p>\n<h5><em>F.B. (F.M. Vi\u00f1as).<\/em><\/h5>\n","protected":false},"excerpt":{"rendered":"<p>El jueves 17 de octubre inicia el curso de armado e impresi\u00f3n 3D, abierto a todo p\u00fablico, que tendr\u00e1 lugar en &#8230;<\/p>\n","protected":false},"author":8,"featured_media":59616,"comment_status":"open","ping_status":"open","sticky":false,"template":"","format":"standard","meta":{"footnotes":""},"categories":[5,39,18],"tags":[],"class_list":["post-59614","post","type-post","status-publish","format-standard","has-post-thumbnail","hentry","category-actualidad","category-ciencia-y-tecnologia","category-educacion"],"_links":{"self":[{"href":"https:\/\/vinasfm.com\/noticias\/wp-json\/wp\/v2\/posts\/59614","targetHints":{"allow":["GET"]}}],"collection":[{"href":"https:\/\/vinasfm.com\/noticias\/wp-json\/wp\/v2\/posts"}],"about":[{"href":"https:\/\/vinasfm.com\/noticias\/wp-json\/wp\/v2\/types\/post"}],"author":[{"embeddable":true,"href":"https:\/\/vinasfm.com\/noticias\/wp-json\/wp\/v2\/users\/8"}],"replies":[{"embeddable":true,"href":"https:\/\/vinasfm.com\/noticias\/wp-json\/wp\/v2\/comments?post=59614"}],"version-history":[{"count":1,"href":"https:\/\/vinasfm.com\/noticias\/wp-json\/wp\/v2\/posts\/59614\/revisions"}],"predecessor-version":[{"id":59617,"href":"https:\/\/vinasfm.com\/noticias\/wp-json\/wp\/v2\/posts\/59614\/revisions\/59617"}],"wp:featuredmedia":[{"embeddable":true,"href":"https:\/\/vinasfm.com\/noticias\/wp-json\/wp\/v2\/media\/59616"}],"wp:attachment":[{"href":"https:\/\/vinasfm.com\/noticias\/wp-json\/wp\/v2\/media?parent=59614"}],"wp:term":[{"taxonomy":"category","embeddable":true,"href":"https:\/\/vinasfm.com\/noticias\/wp-json\/wp\/v2\/categories?post=59614"},{"taxonomy":"post_tag","embeddable":true,"href":"https:\/\/vinasfm.com\/noticias\/wp-json\/wp\/v2\/tags?post=59614"}],"curies":[{"name":"wp","href":"https:\/\/api.w.org\/{rel}","templated":true}]}}