{"id":59578,"date":"2019-10-07T08:26:51","date_gmt":"2019-10-07T11:26:51","guid":{"rendered":"http:\/\/vinasfm.com\/noticias\/?p=59578"},"modified":"2019-10-07T10:28:04","modified_gmt":"2019-10-07T13:28:04","slug":"crecio-un-12-la-cantidad-de-productores-que-tomaron-el-seguro-agricola","status":"publish","type":"post","link":"https:\/\/vinasfm.com\/noticias\/crecio-un-12-la-cantidad-de-productores-que-tomaron-el-seguro-agricola\/","title":{"rendered":"CRECI\u00d3 UN 12% LA CANTIDAD DE PRODUCTORES QUE TOMARON EL SEGURO AGR\u00cdCOLA"},"content":{"rendered":"<h4>La cantidad de productores que adhirieron al Seguro Agr\u00edcola creci\u00f3 entre un 12 y un 15 por ciento en relaci\u00f3n a la temporada pasada, aseguraron desde la jefatura de gabinete del Ministerio de Econom\u00eda.<\/h4>\n<p>El jefe de Gabinete del Ministerio de Econom\u00eda, Infraestructura y Energ\u00eda, Alfredo Aciar, dio cuenta de la mejora en el porcentaje de productores inscriptos.<\/p>\n<p>\u201cLa verdad tengo que decir que me ha sorprendido, el contexto no es bueno en el pa\u00eds, y estamos superando los 5000 adheridos, no recuerdo el n\u00famero exacto, pero tenemos un aumento entre el 12 y el 15 por ciento respecto al a\u00f1o pasado\u201d.<\/p>\n<p>El funcionario explic\u00f3 que \u201cnos sorprende gratamente porque tratamos que cada vez haya m\u00e1s productores cubiertos pero en un contexto dif\u00edcil, creo que ayudaron las pr\u00f3rrogas y descuentos nuevos\u201d.<\/p>\n<p>Los productores que ingresaron al Seguro Agr\u00edcola a trav\u00e9s de cooperativas e inspecciones de cauce del Departamento General de Irrigaci\u00f3n, contar\u00e1n con un descuento del 10% en el pago de la p\u00f3liza anual.<\/p>\n<p>Tambi\u00e9n se ofreci\u00f3 la posibilidad del descuento del 10% para los que abonaron la p\u00f3liza en una sola cuota. El vencimiento de la tercera cuota est\u00e1 fijado para el 15 de octubre y el de la cuarta cuota para el 15 de noviembre.<\/p>\n<p>La pr\u00f3rroga que dispuso en su momento la DACC, respondi\u00f3 al pedido de productores, c\u00e1mara y cooperativas de agricultores para que el per\u00edodo de adhesi\u00f3n se extendiera.<\/p>\n<p>La cobertura del Seguro apunta a productores de hasta 20 hect\u00e1reas de vid, frutales, hortalizas de verano y cereales para forraje de toda la provincia. Se compensar\u00e1n las p\u00e9rdidas superiores o iguales al 50% de da\u00f1o en cada cultivo.<\/p>\n<h5><em><strong>Fuente: Diario San Rafael \/ Edici\u00f3n: A.C.<\/strong><\/em><\/h5>\n","protected":false},"excerpt":{"rendered":"<p>La cantidad de productores que adhirieron al Seguro Agr\u00edcola creci\u00f3 entre un 12 y un 15 por ciento en relaci\u00f3n a &#8230;<\/p>\n","protected":false},"author":7,"featured_media":14643,"comment_status":"open","ping_status":"open","sticky":false,"template":"","format":"standard","meta":{"footnotes":""},"categories":[5,14],"tags":[],"class_list":["post-59578","post","type-post","status-publish","format-standard","has-post-thumbnail","hentry","category-actualidad","category-agro"],"_links":{"self":[{"href":"https:\/\/vinasfm.com\/noticias\/wp-json\/wp\/v2\/posts\/59578","targetHints":{"allow":["GET"]}}],"collection":[{"href":"https:\/\/vinasfm.com\/noticias\/wp-json\/wp\/v2\/posts"}],"about":[{"href":"https:\/\/vinasfm.com\/noticias\/wp-json\/wp\/v2\/types\/post"}],"author":[{"embeddable":true,"href":"https:\/\/vinasfm.com\/noticias\/wp-json\/wp\/v2\/users\/7"}],"replies":[{"embeddable":true,"href":"https:\/\/vinasfm.com\/noticias\/wp-json\/wp\/v2\/comments?post=59578"}],"version-history":[{"count":1,"href":"https:\/\/vinasfm.com\/noticias\/wp-json\/wp\/v2\/posts\/59578\/revisions"}],"predecessor-version":[{"id":59579,"href":"https:\/\/vinasfm.com\/noticias\/wp-json\/wp\/v2\/posts\/59578\/revisions\/59579"}],"wp:featuredmedia":[{"embeddable":true,"href":"https:\/\/vinasfm.com\/noticias\/wp-json\/wp\/v2\/media\/14643"}],"wp:attachment":[{"href":"https:\/\/vinasfm.com\/noticias\/wp-json\/wp\/v2\/media?parent=59578"}],"wp:term":[{"taxonomy":"category","embeddable":true,"href":"https:\/\/vinasfm.com\/noticias\/wp-json\/wp\/v2\/categories?post=59578"},{"taxonomy":"post_tag","embeddable":true,"href":"https:\/\/vinasfm.com\/noticias\/wp-json\/wp\/v2\/tags?post=59578"}],"curies":[{"name":"wp","href":"https:\/\/api.w.org\/{rel}","templated":true}]}}