{"id":59546,"date":"2019-10-07T07:12:56","date_gmt":"2019-10-07T10:12:56","guid":{"rendered":"http:\/\/vinasfm.com\/noticias\/?p=59546"},"modified":"2019-10-08T09:40:54","modified_gmt":"2019-10-08T12:40:54","slug":"esta-semana-vuelve-a-subir-la-temperatura-en-alvear","status":"publish","type":"post","link":"https:\/\/vinasfm.com\/noticias\/esta-semana-vuelve-a-subir-la-temperatura-en-alvear\/","title":{"rendered":"ESTA SEMANA VUELVE A SUBIR LA TEMPERATURA EN ALVEAR"},"content":{"rendered":"<p>Este lunes, se vivir\u00e1 una jornada con descenso de la temperatura por el pasaje de un pulso de aire fresco. Tarde templada con algo de nubosidad y vientos leves a moderados del sur. M\u00e1xima: 24\u00b0, de acuerdo al pron\u00f3stico emitido por Defensa Civil de Gral. Alvear.<\/p>\n<p>Ma\u00f1ana martes, poco cambio de la temperatura, cielo con escasa nubosidad y vientos leves de direcciones variables. M\u00ednima: 5\u00b0 y m\u00e1xima: 26\u00b0.<\/p>\n<p>El mi\u00e9rcoles, ascenso de la temperatura, nubosidad variable y vientos del sudeste. M\u00ednima: 7\u00b0, M\u00e1xima: 30\u00b0.<\/p>\n<p>El jueves se presentar\u00eda caluroso con ascenso de la temperatura, nubosidad variable y vientos del noroeste (Zonda en Malarg\u00fce y oeste de San Rafael). M\u00ednima: 9\u00b0 y m\u00e1xima: 35\u00b0.<\/p>\n<p>El viernes, leve descenso de la temperatura con nubosidad variable y vientos leves del sur. M\u00ednima: 12\u00b0 y M\u00e1xima:31\u00b0<\/p>\n<h5><strong>A.C.<\/strong><\/h5>\n","protected":false},"excerpt":{"rendered":"<p>Este lunes, se vivir\u00e1 una jornada con descenso de la temperatura por el pasaje de un pulso de aire fresco. Tarde &#8230;<\/p>\n","protected":false},"author":7,"featured_media":59034,"comment_status":"open","ping_status":"open","sticky":false,"template":"","format":"standard","meta":{"footnotes":""},"categories":[5,36],"tags":[],"class_list":["post-59546","post","type-post","status-publish","format-standard","has-post-thumbnail","hentry","category-actualidad","category-pronostico"],"_links":{"self":[{"href":"https:\/\/vinasfm.com\/noticias\/wp-json\/wp\/v2\/posts\/59546","targetHints":{"allow":["GET"]}}],"collection":[{"href":"https:\/\/vinasfm.com\/noticias\/wp-json\/wp\/v2\/posts"}],"about":[{"href":"https:\/\/vinasfm.com\/noticias\/wp-json\/wp\/v2\/types\/post"}],"author":[{"embeddable":true,"href":"https:\/\/vinasfm.com\/noticias\/wp-json\/wp\/v2\/users\/7"}],"replies":[{"embeddable":true,"href":"https:\/\/vinasfm.com\/noticias\/wp-json\/wp\/v2\/comments?post=59546"}],"version-history":[{"count":1,"href":"https:\/\/vinasfm.com\/noticias\/wp-json\/wp\/v2\/posts\/59546\/revisions"}],"predecessor-version":[{"id":59549,"href":"https:\/\/vinasfm.com\/noticias\/wp-json\/wp\/v2\/posts\/59546\/revisions\/59549"}],"wp:featuredmedia":[{"embeddable":true,"href":"https:\/\/vinasfm.com\/noticias\/wp-json\/wp\/v2\/media\/59034"}],"wp:attachment":[{"href":"https:\/\/vinasfm.com\/noticias\/wp-json\/wp\/v2\/media?parent=59546"}],"wp:term":[{"taxonomy":"category","embeddable":true,"href":"https:\/\/vinasfm.com\/noticias\/wp-json\/wp\/v2\/categories?post=59546"},{"taxonomy":"post_tag","embeddable":true,"href":"https:\/\/vinasfm.com\/noticias\/wp-json\/wp\/v2\/tags?post=59546"}],"curies":[{"name":"wp","href":"https:\/\/api.w.org\/{rel}","templated":true}]}}