{"id":59529,"date":"2019-10-07T06:40:42","date_gmt":"2019-10-07T09:40:42","guid":{"rendered":"http:\/\/vinasfm.com\/noticias\/?p=59529"},"modified":"2019-10-08T08:21:05","modified_gmt":"2019-10-08T11:21:05","slug":"cayo-otro-implicado-en-el-caso-narcogomeria-y-ya-son-6-los-detenidos","status":"publish","type":"post","link":"https:\/\/vinasfm.com\/noticias\/cayo-otro-implicado-en-el-caso-narcogomeria-y-ya-son-6-los-detenidos\/","title":{"rendered":"CAY\u00d3 OTRO IMPLICADO EN EL CASO &#8216;NARCOGOMER\u00cdA&#8217; Y YA SON 6 LOS DETENIDOS"},"content":{"rendered":"<div class=\"td-header-wrap td-header-style-1\">\n<div class=\"td-header-menu-wrap-full td-container-wrap \">\n<div class=\"td-header-menu-wrap td-header-gradient td-affix\">\n<div class=\"td-container td-header-row td-header-main-menu\">\n<div id=\"td-header-menu\" role=\"navigation\">\n<h4 class=\"menu-td-demo-header-menu-container\"><strong>La Delegaci\u00f3n San Rafael de la Polic\u00eda Federal Argentina realiz\u00f3 una nueva detenci\u00f3n en el marco de una causa por la que se investiga el transporte, la tenencia y la comercializaci\u00f3n de estupefacientes, conocida como \u201cNarcogomer\u00eda\u201d, teniendo en cuenta que uno de los integrantes de la banda desarticulada operaba desde un taller de reparaci\u00f3n de neum\u00e1ticos situado en pleno centro de San Rafael.<\/strong><\/h4>\n<\/div>\n<\/div>\n<\/div>\n<\/div>\n<\/div>\n<div class=\"td-main-content-wrap td-container-wrap\">\n<div class=\"td-container td-post-template-default \">\n<div class=\"td-pb-row\">\n<div class=\"td-pb-span8 td-main-content\" role=\"main\">\n<div class=\"td-ss-main-content\">\n<article id=\"post-200209\" class=\"post-200209 post type-post status-publish format-standard has-post-thumbnail hentry category-actualidad category-destacado\">\n<div class=\"td-post-content\">\n<p>Seg\u00fan pudo confirmar <strong>diario San Rafael<\/strong>, los agentes federales \u2013bajo \u00f3rdenes del juez Eduardo Puigd\u00e9ngolas\u2013 <strong>ejecutaron un nuevo allanamiento, esta vez en la Ciudad de General Alvear<\/strong>, donde arrestaron a un hombre mayor de edad implicado en la causa.<\/p>\n<p>De acuerdo a las numerosas pruebas que reuni\u00f3 Puigd\u00e9ngolas en el expediente, el nuevo detenido era quien transportaba la droga entre San Rafael y General Alvear, donde la entregaba al proveedor de nuestro departamento.<\/p>\n<p>Tras ser detenido, el individuo \u2013cuya identidad no trascendi\u00f3\u2013 <strong>permanece alojado en la base de la Polic\u00eda Federal de San Rafael y se prev\u00e9 que esta ma\u00f1ana sea trasladado al Juzgado Federal<\/strong>, donde se le imputar\u00e1 el delito \u201c<em>participaci\u00f3n necesaria para el transporte y comercializaci\u00f3n de estupefacientes<\/em>\u201d.<\/p>\n<p>Los allanamientos del operativo \u201cNarcogomer\u00eda\u201d empezaron el 17 de agosto, luego de un a\u00f1o de investigaci\u00f3n en el que sigilosamente los sabuesos federales recopilaron informaci\u00f3n y construyeron una s\u00f3lida base de pruebas conjuntamente con el magistrado federal. Desde entonces, son seis los detenidos que hay en la causa.<\/p>\n<h4><strong>C\u00f3mo operaba la banda<\/strong><\/h4>\n<p>Una gomer\u00eda situada en avenida Yrigoyen, a metros de Moreno, era el centro de operaciones de San Rafael de la banda desarticulada por la Federal. Para detallar el modus operandi, debemos ubicarnos en Entre R\u00edos, que era la provincia de donde sal\u00eda la marihuana y la coca\u00edna con destino a Mendoza. El encargado de transportarla era el chofer de una empresa de materiales para la construcci\u00f3n, que llegaba con la sustancia a Las Heras, donde se encontraba el principal proveedor.<\/p>\n<p>Desde all\u00ed la droga viajaba hasta San Rafael, m\u00e1s precisamente hasta la gomer\u00eda c\u00e9ntrica, donde a su vez se distribu\u00eda para \u201cnarcomenudeo\u201d en barrios de ese departamento y otra parte era seleccionada para General Alvear, donde el \u00faltimo detenido era el encargado de transportarla al proveedor alvearense, ya procesado en la causa.<\/p>\n<p>Para la Justicia, las operaciones anteriormente descriptas no hubiesen sido posibles sin el aporte econ\u00f3mico de otro integrante de la banda, sindicado como \u201cel financista\u201d, tambi\u00e9n acusado de \u201cparticipaci\u00f3n necesaria\u201d, procesado y con prisi\u00f3n preventiva.<\/p>\n<p>Tanto desde la Polic\u00eda Federal como desde la Justicia Federal insistieron en que est\u00e1 desarticulada una banda que se dedicaba al comercio mayorista de estupefacientes, lo que implica un eslab\u00f3n m\u00e1s complejo que \u201cel quiosco\u201d que suele desbaratarse en barrios o distritos. \u201cEstamos hablando de personas que prove\u00edan al \u2018mercado minorista\u2019, de ah\u00ed la importancia de la investigaci\u00f3n\u201d, afirmaron.<\/p>\n<h5><em>F.B. (F.M. Vi\u00f1as).<\/em><\/h5>\n<\/div>\n<\/article>\n<\/div>\n<\/div>\n<\/div>\n<\/div>\n<\/div>\n","protected":false},"excerpt":{"rendered":"<p>La Delegaci\u00f3n San Rafael de la Polic\u00eda Federal Argentina realiz\u00f3 una nueva detenci\u00f3n en el marco de una causa por la &#8230;<\/p>\n","protected":false},"author":8,"featured_media":59530,"comment_status":"open","ping_status":"open","sticky":false,"template":"","format":"standard","meta":{"footnotes":""},"categories":[5,4],"tags":[],"class_list":["post-59529","post","type-post","status-publish","format-standard","has-post-thumbnail","hentry","category-actualidad","category-policiales"],"_links":{"self":[{"href":"https:\/\/vinasfm.com\/noticias\/wp-json\/wp\/v2\/posts\/59529","targetHints":{"allow":["GET"]}}],"collection":[{"href":"https:\/\/vinasfm.com\/noticias\/wp-json\/wp\/v2\/posts"}],"about":[{"href":"https:\/\/vinasfm.com\/noticias\/wp-json\/wp\/v2\/types\/post"}],"author":[{"embeddable":true,"href":"https:\/\/vinasfm.com\/noticias\/wp-json\/wp\/v2\/users\/8"}],"replies":[{"embeddable":true,"href":"https:\/\/vinasfm.com\/noticias\/wp-json\/wp\/v2\/comments?post=59529"}],"version-history":[{"count":2,"href":"https:\/\/vinasfm.com\/noticias\/wp-json\/wp\/v2\/posts\/59529\/revisions"}],"predecessor-version":[{"id":59569,"href":"https:\/\/vinasfm.com\/noticias\/wp-json\/wp\/v2\/posts\/59529\/revisions\/59569"}],"wp:featuredmedia":[{"embeddable":true,"href":"https:\/\/vinasfm.com\/noticias\/wp-json\/wp\/v2\/media\/59530"}],"wp:attachment":[{"href":"https:\/\/vinasfm.com\/noticias\/wp-json\/wp\/v2\/media?parent=59529"}],"wp:term":[{"taxonomy":"category","embeddable":true,"href":"https:\/\/vinasfm.com\/noticias\/wp-json\/wp\/v2\/categories?post=59529"},{"taxonomy":"post_tag","embeddable":true,"href":"https:\/\/vinasfm.com\/noticias\/wp-json\/wp\/v2\/tags?post=59529"}],"curies":[{"name":"wp","href":"https:\/\/api.w.org\/{rel}","templated":true}]}}