{"id":59521,"date":"2019-10-07T15:00:44","date_gmt":"2019-10-07T18:00:44","guid":{"rendered":"http:\/\/vinasfm.com\/noticias\/?p=59521"},"modified":"2019-10-08T09:53:19","modified_gmt":"2019-10-08T12:53:19","slug":"con-gran-convocatoria-se-corrieron-los-15k-entre-bodegas","status":"publish","type":"post","link":"https:\/\/vinasfm.com\/noticias\/con-gran-convocatoria-se-corrieron-los-15k-entre-bodegas\/","title":{"rendered":"CON GRAN CONVOCATORIA SE CORRIERON LOS &#8217;15K ENTRE BODEGAS&#8217;"},"content":{"rendered":"<h4><strong>La apasionante competencia cont\u00f3 con una gran cantidad de competidores que tuvieron la chance de apreciar los paisajes que Alvear ofrecen a la hora de realizar este tipo de eventos.<\/strong><\/h4>\n<p>En el marco de <strong>Evinsur<\/strong>, es que se realizaron los <strong>15K entre vi\u00f1edos<\/strong>, una gran competencia que mezcl\u00f3 asfalto y cross country. \u201c<em>Esta carrera se sum\u00f3 este a\u00f1o, sabemos que hay una gran cantidad de corredores y es bueno que tengan la posibilidad de competir en el departamento<\/em>\u201d, expres\u00f3 <strong>Mauricio Olgu\u00edn<\/strong>, quien coordin\u00f3 la carrera. Aproximadamente <strong>fueron cien los inscriptos para participar de este evento<\/strong> que recorri\u00f3 distintas bodegas de Alvear.<\/p>\n<p>Tambi\u00e9n hubo una etapa de <strong>4K<\/strong> que culmin\u00f3 en la bodega La Regional y tuvo como objetivo acercar a la familia a la vida saludable.<\/p>\n<p>El <strong>ganador de la competencia en la rama masculina fue Sa\u00fal Vega<\/strong> quien es de <strong>Jaime Prats<\/strong> y compite para el <em>Team Ol\u00edmpico<\/em>, manifest\u00f3: \u201c<em>Hace poco que comenc\u00e9, la carrera estuvo muy buena y es genial que se realicen estas actividades en el departamento. La idea es ir subiendo niveles para competir de algo importante en el futuro<\/em>\u201d. En la <strong>rama femenina la ganadora fue Lorena Cuello<\/strong> quien dijo: \u201c<em>Tuve una sensaci\u00f3n muy linda, fue una carrera muy dura, los primeros kil\u00f3metros tuvimos el viento a favor pero a la vuelta estuvo en contra y se sufri\u00f3 bastante esa parte, pero logr\u00e9 el ritmo que quer\u00eda as\u00ed que estoy conforme\u201d.<\/em><\/p>\n<h5><em>F.B. (F.M. Vi\u00f1as).<\/em><\/h5>\n","protected":false},"excerpt":{"rendered":"<p>La apasionante competencia cont\u00f3 con una gran cantidad de competidores que tuvieron la chance de apreciar los paisajes que Alvear ofrecen &#8230;<\/p>\n","protected":false},"author":8,"featured_media":59522,"comment_status":"open","ping_status":"open","sticky":false,"template":"","format":"standard","meta":{"footnotes":""},"categories":[5,3],"tags":[],"class_list":["post-59521","post","type-post","status-publish","format-standard","has-post-thumbnail","hentry","category-actualidad","category-deportes"],"_links":{"self":[{"href":"https:\/\/vinasfm.com\/noticias\/wp-json\/wp\/v2\/posts\/59521","targetHints":{"allow":["GET"]}}],"collection":[{"href":"https:\/\/vinasfm.com\/noticias\/wp-json\/wp\/v2\/posts"}],"about":[{"href":"https:\/\/vinasfm.com\/noticias\/wp-json\/wp\/v2\/types\/post"}],"author":[{"embeddable":true,"href":"https:\/\/vinasfm.com\/noticias\/wp-json\/wp\/v2\/users\/8"}],"replies":[{"embeddable":true,"href":"https:\/\/vinasfm.com\/noticias\/wp-json\/wp\/v2\/comments?post=59521"}],"version-history":[{"count":1,"href":"https:\/\/vinasfm.com\/noticias\/wp-json\/wp\/v2\/posts\/59521\/revisions"}],"predecessor-version":[{"id":59523,"href":"https:\/\/vinasfm.com\/noticias\/wp-json\/wp\/v2\/posts\/59521\/revisions\/59523"}],"wp:featuredmedia":[{"embeddable":true,"href":"https:\/\/vinasfm.com\/noticias\/wp-json\/wp\/v2\/media\/59522"}],"wp:attachment":[{"href":"https:\/\/vinasfm.com\/noticias\/wp-json\/wp\/v2\/media?parent=59521"}],"wp:term":[{"taxonomy":"category","embeddable":true,"href":"https:\/\/vinasfm.com\/noticias\/wp-json\/wp\/v2\/categories?post=59521"},{"taxonomy":"post_tag","embeddable":true,"href":"https:\/\/vinasfm.com\/noticias\/wp-json\/wp\/v2\/tags?post=59521"}],"curies":[{"name":"wp","href":"https:\/\/api.w.org\/{rel}","templated":true}]}}