{"id":59509,"date":"2019-10-07T05:31:05","date_gmt":"2019-10-07T08:31:05","guid":{"rendered":"http:\/\/vinasfm.com\/noticias\/?p=59509"},"modified":"2019-10-07T21:15:19","modified_gmt":"2019-10-08T00:15:19","slug":"general-alvear-presente-en-la-feria-internacional-de-turismo","status":"publish","type":"post","link":"https:\/\/vinasfm.com\/noticias\/general-alvear-presente-en-la-feria-internacional-de-turismo\/","title":{"rendered":"GENERAL ALVEAR PRESENTE EN LA FERIA INTERNACIONAL DE TURISMO"},"content":{"rendered":"<h4 dir=\"ltr\"><strong>General Alvear se luce dentro del stand de Mendoza que participa en la Feria Internacional de Turismo que se desarrolla en el predio de La Rural.<\/strong><\/h4>\n<p dir=\"ltr\">Faraones que se mezclan con vi\u00f1edos surcados por el R\u00edo Atuel, esa es una peque\u00f1a muestra de lo que se puede apreciar en el stand que la Provincia de Mendoza tiene en la Feria Internacional de Turismo -FIT- 2017, donde nuestro Departamento ocupa un lugar destacado para exhibir los productos que nos representan, como vinos, miel, frutos secos y mucho m\u00e1s.<\/p>\n<p dir=\"ltr\">\u201c<em>Tenemos un lugar privilegiado ya que est\u00e1 al ingreso del pabell\u00f3n nacional e internacional, es muy gratificante el espacio asignado<\/em>\u201d, explic\u00f3 <strong>N\u00e9stor Ortega<\/strong>, de la <strong>Direcci\u00f3n de Turismo<\/strong> de nuestro departamento. \u201c<em>Estamos muy bien posicionados, con una barra de degustaci\u00f3n exclusiva para Alvear, vinimos con la <a href=\"https:\/\/camaraturismoalvear.com\/promocionando-a-general-alvear-en-la-fit\/\" target=\"_blank\" rel=\"noopener noreferrer\">C\u00e1mara de Turismo<\/a> y la Espec\u00edfica de Turismo de la C\u00e1mara de Comercio<\/em>\u201d, mencion\u00f3 Ortega.<\/p>\n<p dir=\"ltr\">Durante este evento se realizar\u00e1 el \u201c<strong>Degustando Alvear<\/strong>\u201d con brochettes de La Celestita y cerdo de Il Porco: \u201c<em>Vamos a mezclar los sabores con frutas desecadas y una salsa malbec, que realmente va a dar que hablar<\/em>\u201d, dijo Ortega.<\/p>\n<p dir=\"ltr\"><strong>Adrian Rossi<\/strong> de la <strong>Espec\u00edfica de Turismo de la C\u00e1mara de Comercio<\/strong>, destac\u00f3 la presencia de General Alvear en esta importante Feria donde confluye todo lo que sucede en la Argentina y Latinoam\u00e9rica en cuanto a turismo: \u201c<em>Es importante que estemos trabajando de manera mancomunada para el bien de nuestro departamento y que se instale como destino tur\u00edstico<\/em>\u201d, expres\u00f3.<\/p>\n<p dir=\"ltr\">Como es habitual, la <strong>Presidente de EMETUR, Gabriela Testa<\/strong>, recorri\u00f3 el stand de Mendoza e hizo hincapi\u00e9 en la propuesta que General Alvear llev\u00f3 a la FIT: \u201c<em>Ojala sean jornadas de muchas visitas, lo que se busca es que el turismo le d\u00e9 m\u00e1s impulso a la Provincia de Mendoza\u00bb.<\/em><\/p>\n<p dir=\"ltr\">La <strong>Feria Internacional de Turismo<\/strong> es el evento de promoci\u00f3n m\u00e1s importante del a\u00f1o, all\u00ed se presentan todas las provincias de la Argentina adem\u00e1s de 45 pa\u00edses de todo el mundo y tiene lugar en La Rural de Palermo.<\/p>\n<h5 dir=\"ltr\"><em>F.B. (F.M. Vi\u00f1as).<\/em><\/h5>\n","protected":false},"excerpt":{"rendered":"<p>General Alvear se luce dentro del stand de Mendoza que participa en la Feria Internacional de Turismo que se desarrolla en &#8230;<\/p>\n","protected":false},"author":8,"featured_media":59510,"comment_status":"open","ping_status":"open","sticky":false,"template":"","format":"standard","meta":{"footnotes":""},"categories":[5,21],"tags":[],"class_list":["post-59509","post","type-post","status-publish","format-standard","has-post-thumbnail","hentry","category-actualidad","category-turismo-2"],"_links":{"self":[{"href":"https:\/\/vinasfm.com\/noticias\/wp-json\/wp\/v2\/posts\/59509","targetHints":{"allow":["GET"]}}],"collection":[{"href":"https:\/\/vinasfm.com\/noticias\/wp-json\/wp\/v2\/posts"}],"about":[{"href":"https:\/\/vinasfm.com\/noticias\/wp-json\/wp\/v2\/types\/post"}],"author":[{"embeddable":true,"href":"https:\/\/vinasfm.com\/noticias\/wp-json\/wp\/v2\/users\/8"}],"replies":[{"embeddable":true,"href":"https:\/\/vinasfm.com\/noticias\/wp-json\/wp\/v2\/comments?post=59509"}],"version-history":[{"count":1,"href":"https:\/\/vinasfm.com\/noticias\/wp-json\/wp\/v2\/posts\/59509\/revisions"}],"predecessor-version":[{"id":59631,"href":"https:\/\/vinasfm.com\/noticias\/wp-json\/wp\/v2\/posts\/59509\/revisions\/59631"}],"wp:featuredmedia":[{"embeddable":true,"href":"https:\/\/vinasfm.com\/noticias\/wp-json\/wp\/v2\/media\/59510"}],"wp:attachment":[{"href":"https:\/\/vinasfm.com\/noticias\/wp-json\/wp\/v2\/media?parent=59509"}],"wp:term":[{"taxonomy":"category","embeddable":true,"href":"https:\/\/vinasfm.com\/noticias\/wp-json\/wp\/v2\/categories?post=59509"},{"taxonomy":"post_tag","embeddable":true,"href":"https:\/\/vinasfm.com\/noticias\/wp-json\/wp\/v2\/tags?post=59509"}],"curies":[{"name":"wp","href":"https:\/\/api.w.org\/{rel}","templated":true}]}}