{"id":59498,"date":"2019-10-05T10:30:43","date_gmt":"2019-10-05T13:30:43","guid":{"rendered":"http:\/\/vinasfm.com\/noticias\/?p=59498"},"modified":"2019-10-07T10:21:38","modified_gmt":"2019-10-07T13:21:38","slug":"se-presento-el-plan-de-desarrollo-estrategico-alvear-2-030","status":"publish","type":"post","link":"https:\/\/vinasfm.com\/noticias\/se-presento-el-plan-de-desarrollo-estrategico-alvear-2-030\/","title":{"rendered":"SE PRESENT\u00d3 EL PLAN DE DESARROLLO ESTRAT\u00c9GICO ALVEAR 2.030"},"content":{"rendered":"<h4>En la tarde del viernes se realiz\u00f3 la presentaci\u00f3n del Plan estrat\u00e9gico 2030 para General Alvear. Este propone ser una hoja de ruta para el desarrollo del departamento en las diferentes \u00e1reas econ\u00f3micas, sociales y culturales. El trabajo lleva m\u00e1s de ocho meses y cuenta con una labor exhaustiva de un equipo de expertos.<\/h4>\n<p>Funcionarios provinciales y locales, legisladores, ex intendentes, representantes de diversas instituciones intermedias, autoridades y p\u00fablico en general se dieron cita en Multiespacio Bodega Fara\u00f3n.<\/p>\n<p>Entre los presentes estuvo el actual Ministro de Gobierno mendocino Lisandro Nieri, quien adelant\u00f3 que <strong>desde la provincia acompa\u00f1aran el desarrollo del Plan.<\/strong><\/p>\n<p>\u201c<em>Es una etapa en la que hay que c<strong>onvocar a diferentes mesas sectoriales<\/strong> a discutir y validar todo el plan, enriquecerlo y criticarlo. Es un visi\u00f3n integral del desarroll<\/em>o\u201d, explico el Intendente Walther Marcolini.<\/p>\n<p><strong>El plan abarca desde el \u00e1mbito social, inclusi\u00f3n, desarrollo econ\u00f3mico, inversiones necesarias, obra p\u00fablica, cooperaci\u00f3n internacional, medio ambiente, generaci\u00f3n de empleo, crecimiento sostenido, educaci\u00f3n, entre otros puntos. La idea es que cada diez a\u00f1os se lo vaya revisando, enriqueciendo y actualizando.<\/strong><\/p>\n<p><em>\u201cAhora lo que hay que hacer es incluir la participaci\u00f3n social de toda la comunidad. Es un gran desaf\u00edo que marca una estrategia pensada en un desarrollo a corto, mediano y largo plazo. Esto <strong>supera largamente a un gobierno<\/strong><\/em><strong>\u201d<\/strong>, se\u00f1al\u00f3 el reelecto jefe comunal.<\/p>\n<p>Entre las obras estrat\u00e9gicas, algunas con un cierto grado de avance, figuran la ampliaci\u00f3n de la P<strong>lanta de L\u00edquidos Cloacales, el laboratorio de Biotecnolog\u00eda, el cierre del anillo el\u00e9ctrico con San Rafael, gas, juguera, aeropuerto, palacio judicial y otras.<\/strong><\/p>\n<p>Por su parte el consultor Eduardo Serro indic\u00f3 que los ejes tem\u00e1ticos est\u00e1n planteados por ir creciendo econ\u00f3micamente, con un modelo bastante parecido al de Chile, orientado en ver los mercados y las oportunidades de desarrollo, en base a ello <strong>con la incorporaci\u00f3n de otra tecnolog\u00eda.<\/strong><\/p>\n<p>Tambi\u00e9n explic\u00f3 que \u201c<strong><em>una situaci\u00f3n de crisis es el mejor momento para invertir por 3 razones: La primera es porque en general es cuando se consiguen los mejores valores para la inversi\u00f3n, \u201cporque no muchos est\u00e1n invirtiendo. El segundo porque consigo la mejor gente para trabajar porque est\u00e1 disponible. El tercero porque a mi equipo lo mantengo motivado prepar\u00e1ndose para cuando uno sale de la crisis estoy entrenado\u201d<\/em><\/strong>.<\/p>\n<p><a href=\"http:\/\/vinasfm.com\/noticias\/wp-content\/uploads\/2019\/10\/PEA-2030.jpg\"><img loading=\"lazy\" decoding=\"async\" class=\"wp-image-59501 aligncenter\" src=\"http:\/\/vinasfm.com\/noticias\/wp-content\/uploads\/2019\/10\/PEA-2030-300x200.jpg\" alt=\"\" width=\"654\" height=\"436\" srcset=\"https:\/\/vinasfm.com\/noticias\/wp-content\/uploads\/2019\/10\/PEA-2030-300x200.jpg 300w, https:\/\/vinasfm.com\/noticias\/wp-content\/uploads\/2019\/10\/PEA-2030-768x512.jpg 768w, https:\/\/vinasfm.com\/noticias\/wp-content\/uploads\/2019\/10\/PEA-2030.jpg 960w\" sizes=\"auto, (max-width: 654px) 100vw, 654px\" \/><\/a><\/p>\n<p>A.C.<\/p>\n","protected":false},"excerpt":{"rendered":"<p>En la tarde del viernes se realiz\u00f3 la presentaci\u00f3n del Plan estrat\u00e9gico 2030 para General Alvear. Este propone ser una hoja &#8230;<\/p>\n","protected":false},"author":7,"featured_media":59500,"comment_status":"open","ping_status":"open","sticky":false,"template":"","format":"standard","meta":{"footnotes":""},"categories":[5],"tags":[],"class_list":["post-59498","post","type-post","status-publish","format-standard","has-post-thumbnail","hentry","category-actualidad"],"_links":{"self":[{"href":"https:\/\/vinasfm.com\/noticias\/wp-json\/wp\/v2\/posts\/59498","targetHints":{"allow":["GET"]}}],"collection":[{"href":"https:\/\/vinasfm.com\/noticias\/wp-json\/wp\/v2\/posts"}],"about":[{"href":"https:\/\/vinasfm.com\/noticias\/wp-json\/wp\/v2\/types\/post"}],"author":[{"embeddable":true,"href":"https:\/\/vinasfm.com\/noticias\/wp-json\/wp\/v2\/users\/7"}],"replies":[{"embeddable":true,"href":"https:\/\/vinasfm.com\/noticias\/wp-json\/wp\/v2\/comments?post=59498"}],"version-history":[{"count":1,"href":"https:\/\/vinasfm.com\/noticias\/wp-json\/wp\/v2\/posts\/59498\/revisions"}],"predecessor-version":[{"id":59502,"href":"https:\/\/vinasfm.com\/noticias\/wp-json\/wp\/v2\/posts\/59498\/revisions\/59502"}],"wp:featuredmedia":[{"embeddable":true,"href":"https:\/\/vinasfm.com\/noticias\/wp-json\/wp\/v2\/media\/59500"}],"wp:attachment":[{"href":"https:\/\/vinasfm.com\/noticias\/wp-json\/wp\/v2\/media?parent=59498"}],"wp:term":[{"taxonomy":"category","embeddable":true,"href":"https:\/\/vinasfm.com\/noticias\/wp-json\/wp\/v2\/categories?post=59498"},{"taxonomy":"post_tag","embeddable":true,"href":"https:\/\/vinasfm.com\/noticias\/wp-json\/wp\/v2\/tags?post=59498"}],"curies":[{"name":"wp","href":"https:\/\/api.w.org\/{rel}","templated":true}]}}