{"id":59465,"date":"2019-10-04T09:59:57","date_gmt":"2019-10-04T12:59:57","guid":{"rendered":"http:\/\/vinasfm.com\/noticias\/?p=59465"},"modified":"2019-10-04T10:49:36","modified_gmt":"2019-10-04T13:49:36","slug":"la-escuela-de-agricultura-se-viste-a-la-moda-con-el-tradicional-desfile-de-temporada-primavera-verano","status":"publish","type":"post","link":"https:\/\/vinasfm.com\/noticias\/la-escuela-de-agricultura-se-viste-a-la-moda-con-el-tradicional-desfile-de-temporada-primavera-verano\/","title":{"rendered":"LA ESCUELA DE AGRICULTURA SE VISTE A LA MODA CON EL TRADICIONAL DESFILE DE TEMPORADA PRIMAVERA-VERANO"},"content":{"rendered":"<h4><strong>Este viernes a partir de las 20:30h se realizar\u00e1 el gran desfile de moda que organiza cada a\u00f1o la Escuela de Agricultura. <\/strong><\/h4>\n<p>Los <strong>alumnos de 2\u00b0 A, B y C<\/strong> son los encargados de llevar adelante este evento que convoca a las principales tiendas de nuestro departamento, quienes presentar\u00e1n sus marcas en el inicio de la temporada resaltando el tipo, color y textura de las prendas que ser\u00e1n tendencia en los pr\u00f3ximos meses.<\/p>\n<p>Este evento escolar es tradicional de la E.A. desde 1999 y tiene el <strong>objetivo<\/strong> de <strong>recaudar fondos para la realizaci\u00f3n del viaje educativo<\/strong> y <strong>fomentar en los alumnos valores relacionados con la organizaci\u00f3n, el compromiso y el trabajo mancomunado como medio para alcanzar metas<\/strong>.<\/p>\n<p>Cabe destacar que los estudiantes se dividieron las tareas en comisiones con el fin de desarrollar esta edici\u00f3n de acuerdo a lo esperado y contaron con el inclaudicable acompa\u00f1amiento de padres, docentes y directivos.<\/p>\n<p>El desfile tendr\u00e1 condimentos tales como la entrega de premios a los asistentes, servicio de cantina y un espect\u00e1culo montado para que la comunidad escolar y los vecinos que asistan vivan una noche diferente.<\/p>\n<p><img loading=\"lazy\" decoding=\"async\" class=\" wp-image-59467 aligncenter\" src=\"http:\/\/vinasfm.com\/noticias\/wp-content\/uploads\/2019\/10\/db612334-7baf-417d-ac3c-0aada3d73c9b-300x279.jpg\" alt=\"\" width=\"429\" height=\"399\" srcset=\"https:\/\/vinasfm.com\/noticias\/wp-content\/uploads\/2019\/10\/db612334-7baf-417d-ac3c-0aada3d73c9b-300x279.jpg 300w, https:\/\/vinasfm.com\/noticias\/wp-content\/uploads\/2019\/10\/db612334-7baf-417d-ac3c-0aada3d73c9b-768x715.jpg 768w, https:\/\/vinasfm.com\/noticias\/wp-content\/uploads\/2019\/10\/db612334-7baf-417d-ac3c-0aada3d73c9b-1024x954.jpg 1024w, https:\/\/vinasfm.com\/noticias\/wp-content\/uploads\/2019\/10\/db612334-7baf-417d-ac3c-0aada3d73c9b.jpg 1280w\" sizes=\"auto, (max-width: 429px) 100vw, 429px\" \/><\/p>\n<p>La entrada tiene un valor de <strong>$100<\/strong> y puede obtenerse en la Instituci\u00f3n, ubicada en calle Marqu\u00e9z de Aguado-Alvear Oeste, hasta las 20:30h inclusive.<\/p>\n<h5><em>F.B. (F.M. Vi\u00f1as).<\/em><\/h5>\n","protected":false},"excerpt":{"rendered":"<p>Este viernes a partir de las 20:30h se realizar\u00e1 el gran desfile de moda que organiza cada a\u00f1o la Escuela de &#8230;<\/p>\n","protected":false},"author":8,"featured_media":4351,"comment_status":"open","ping_status":"open","sticky":false,"template":"","format":"standard","meta":{"footnotes":""},"categories":[5,11],"tags":[],"class_list":["post-59465","post","type-post","status-publish","format-standard","has-post-thumbnail","hentry","category-actualidad","category-sociales"],"_links":{"self":[{"href":"https:\/\/vinasfm.com\/noticias\/wp-json\/wp\/v2\/posts\/59465","targetHints":{"allow":["GET"]}}],"collection":[{"href":"https:\/\/vinasfm.com\/noticias\/wp-json\/wp\/v2\/posts"}],"about":[{"href":"https:\/\/vinasfm.com\/noticias\/wp-json\/wp\/v2\/types\/post"}],"author":[{"embeddable":true,"href":"https:\/\/vinasfm.com\/noticias\/wp-json\/wp\/v2\/users\/8"}],"replies":[{"embeddable":true,"href":"https:\/\/vinasfm.com\/noticias\/wp-json\/wp\/v2\/comments?post=59465"}],"version-history":[{"count":2,"href":"https:\/\/vinasfm.com\/noticias\/wp-json\/wp\/v2\/posts\/59465\/revisions"}],"predecessor-version":[{"id":59473,"href":"https:\/\/vinasfm.com\/noticias\/wp-json\/wp\/v2\/posts\/59465\/revisions\/59473"}],"wp:featuredmedia":[{"embeddable":true,"href":"https:\/\/vinasfm.com\/noticias\/wp-json\/wp\/v2\/media\/4351"}],"wp:attachment":[{"href":"https:\/\/vinasfm.com\/noticias\/wp-json\/wp\/v2\/media?parent=59465"}],"wp:term":[{"taxonomy":"category","embeddable":true,"href":"https:\/\/vinasfm.com\/noticias\/wp-json\/wp\/v2\/categories?post=59465"},{"taxonomy":"post_tag","embeddable":true,"href":"https:\/\/vinasfm.com\/noticias\/wp-json\/wp\/v2\/tags?post=59465"}],"curies":[{"name":"wp","href":"https:\/\/api.w.org\/{rel}","templated":true}]}}