{"id":59451,"date":"2019-10-05T12:54:29","date_gmt":"2019-10-05T15:54:29","guid":{"rendered":"http:\/\/vinasfm.com\/noticias\/?p=59451"},"modified":"2019-10-07T10:11:53","modified_gmt":"2019-10-07T13:11:53","slug":"seguridad-vial-y-la-industria-vitivinicola-trabajaran-juntos-en-campanas-de-alcohol-y-conduccion","status":"publish","type":"post","link":"https:\/\/vinasfm.com\/noticias\/seguridad-vial-y-la-industria-vitivinicola-trabajaran-juntos-en-campanas-de-alcohol-y-conduccion\/","title":{"rendered":"SEGURIDAD VIAL Y LA INDUSTRIA VITIVIN\u00cdCOLA TRABAJAR\u00c1N JUNTOS EN CAMPA\u00d1AS DE ALCOHOL Y CONDUCCI\u00d3N"},"content":{"rendered":"<h4><strong>Las instituciones vitivin\u00edcolas argentinas se comprometieron a iniciar un trabajo conjunto para promover la conducci\u00f3n responsable y evitar siniestros relacionados con el consumo de alcohol, mediante la firma de un convenio con la Agencia Nacional de Seguridad Vial, organismo dependiente del ministerio de Transporte de la Naci\u00f3n.<\/strong><\/h4>\n<p>El acuerdo compromete a \u00a0la <strong>Corporaci\u00f3n Vitivin\u00edcola Argentina<\/strong> y el <strong>Fondo Vitivin\u00edcola Mendoza<\/strong>, -instituci\u00f3n encargada de la promoci\u00f3n gen\u00e9rica del vino argentino en el pa\u00eds-, a trabajar a trav\u00e9s de la adhesi\u00f3n de las instituciones vitivin\u00edcolas al \u201c<strong><em>Programa Amigos de la Movilidad Sustentable y Segura<\/em><\/strong>\u201d, que promueve el <strong>Ministerio de Transporte<\/strong>.<\/p>\n<p>La firma se realiz\u00f3 este mi\u00e9rcoles en la ciudad de Buenos Aires. Por la <strong>Corporaci\u00f3n Vitivin\u00edcola<\/strong> rubric\u00f3 la adhesi\u00f3n su <strong>presidente \u00c1ngel Leotta<\/strong>, y por el <strong>Fondo Vitivin\u00edcola<\/strong> lo hizo <strong>Bernardo Lanzilotta<\/strong>, titular de la instituci\u00f3n. <strong>Carlos P\u00e9rez<\/strong>, <strong>Director Ejecutivo de la ANSV<\/strong>, recibi\u00f3 a los representantes del sector vitivin\u00edcola en la Agencia y celebr\u00f3 el acuerdo.<\/p>\n<p>Este programa, que se desarrolla desde 2018, incentiva las buenas pr\u00e1cticas en seguridad vial para prevenir y disminuir los accidentes de tr\u00e1nsito. Una de las herramientas es la educaci\u00f3n vial y las acciones de sensibilizaci\u00f3n, concientizaci\u00f3n y comunicaci\u00f3n.<\/p>\n<p>\u201c<em>El trabajo en conjunto entre los sectores p\u00fablico y privado es un aporte esencial para desarrollar pol\u00edticas orientadas a cuidar la vida de los personas. Junto al Fondo Vitivin\u00edcola y la Corporaci\u00f3n Vitivin\u00edcola Argentina, y a trav\u00e9s de este Programa, seguimos promoviendo la movilidad sustentable y pautas de convivencia ciudadana para mejorar la seguridad vial en las rutas y calles del pa\u00eds<\/em>\u201d, resalt\u00f3 <strong>Carlos P\u00e9rez<\/strong>, <strong>Director Ejecutivo de la ANSV<\/strong>.<\/p>\n<p><strong><em>Este programa, que se desarrolla desde 2018, incentiva las buenas pr\u00e1cticas en seguridad vial para prevenir y disminuir los accidentes de tr\u00e1nsito.<\/em><\/strong><\/p>\n<p><strong>EDUCACI\u00d3N VIAL Y CONDUCCI\u00d3N RESPONSABLE<\/strong><\/p>\n<p>\u201c<em>La educaci\u00f3n y concientizaci\u00f3n en temas de seguridad vial es un compromiso que nos anima a trabajar unidos, entre instituciones p\u00fablicas y privadas, para convivir de manera arm\u00f3nica en el espacio p\u00fablico. Desde la actividad vitivin\u00edcola nos involucramos activamente a trav\u00e9s de este Programa y otras iniciativas de la Agencia Nacional de Seguridad Vial y el Ministerio de Transporte. Sin duda, este es el primer paso para muchas otras instancias de mutua colaboraci\u00f3n<\/em>\u201d, expres\u00f3 el <strong>presidente de la Corporaci\u00f3n Vitivin\u00edcola<\/strong>, <strong>\u00c1ngel Leotta<\/strong>.<\/p>\n<p>Al momento de la adhesi\u00f3n al <strong>Programa Amigos de la Movilidad Sustentable y Segura<\/strong>, el <strong>presidente del Fondo Vitivin\u00edcola<\/strong>, <strong>Bernardo Lanzilotta<\/strong> afirm\u00f3 que \u201c<em>nuestro sector est\u00e1 comprometido con el consumo moderado y responsable, y en este aspecto, tenemos una gran oportunidad de trabajo conjunto para concientizar en la importancia de la conducci\u00f3n responsable, que es un elemento central para no reducir el debate \u00fanicamente a iniciativas de tolerancia cero<\/em>\u201d.<\/p>\n<p>Al respecto agreg\u00f3 que el vino tiene h\u00e1bitos de consumo particulares: se bebe en el hogar, con las comidas principalmente, y su imagen y comunicaci\u00f3n est\u00e1 vinculada con valores como la uni\u00f3n y la cultura: \u201c<em>Lejos estamos de promover el exceso, el nuestro es un consumo cultural que forma parte de la identidad argentina; pero es fundamental profundizar la idea de moderaci\u00f3n y el camino es la formaci\u00f3n de conductores responsables<\/em>\u201d, enfatiz\u00f3.<\/p>\n<p>A partir de ahora, la <strong>Corporaci\u00f3n<\/strong> y el <strong>Fondo Vitivin\u00edcola <\/strong>se sumar\u00e1n a la tarea de la <strong>ANSV<\/strong> para potenciar los esfuerzos en favor de una mayor conciencia vial. La \u201c<strong><em>Semana del Vino Argentino<\/em><\/strong>\u201d ser\u00e1 la primera ocasi\u00f3n en la que se desarrollar\u00e1n acciones de concientizaci\u00f3n. Las celebraciones del D\u00eda del Vino Argentino Bebida Nacional, el 24 de noviembre, ser\u00e1n propicias para comunicar la importancia de buenos h\u00e1bitos en la conducci\u00f3n responsable.<\/p>\n<p>El\u00a0<strong>Programa Amigos de la Movilidad Sustentable y Segura<\/strong>\u00a0ofrece a sus miembros informaci\u00f3n, herramientas de comunicaci\u00f3n y asesoramiento para acompa\u00f1arlos en la promoci\u00f3n de pr\u00e1cticas de movilidad sustentable y segura. A su vez, estimula el trabajo colaborativo entre el sector p\u00fablico, privado y el tercer sector, con el fin de optimizar recursos, redirigir esfuerzos y potenciar acciones vinculadas a la tem\u00e1tica.<\/p>\n<h5><em>F.B. (F.M. Vi\u00f1as).<\/em><\/h5>\n","protected":false},"excerpt":{"rendered":"<p>Las instituciones vitivin\u00edcolas argentinas se comprometieron a iniciar un trabajo conjunto para promover la conducci\u00f3n responsable y evitar siniestros relacionados con &#8230;<\/p>\n","protected":false},"author":8,"featured_media":59452,"comment_status":"open","ping_status":"open","sticky":false,"template":"","format":"standard","meta":{"footnotes":""},"categories":[5,33],"tags":[],"class_list":["post-59451","post","type-post","status-publish","format-standard","has-post-thumbnail","hentry","category-actualidad","category-seguridad"],"_links":{"self":[{"href":"https:\/\/vinasfm.com\/noticias\/wp-json\/wp\/v2\/posts\/59451","targetHints":{"allow":["GET"]}}],"collection":[{"href":"https:\/\/vinasfm.com\/noticias\/wp-json\/wp\/v2\/posts"}],"about":[{"href":"https:\/\/vinasfm.com\/noticias\/wp-json\/wp\/v2\/types\/post"}],"author":[{"embeddable":true,"href":"https:\/\/vinasfm.com\/noticias\/wp-json\/wp\/v2\/users\/8"}],"replies":[{"embeddable":true,"href":"https:\/\/vinasfm.com\/noticias\/wp-json\/wp\/v2\/comments?post=59451"}],"version-history":[{"count":1,"href":"https:\/\/vinasfm.com\/noticias\/wp-json\/wp\/v2\/posts\/59451\/revisions"}],"predecessor-version":[{"id":59453,"href":"https:\/\/vinasfm.com\/noticias\/wp-json\/wp\/v2\/posts\/59451\/revisions\/59453"}],"wp:featuredmedia":[{"embeddable":true,"href":"https:\/\/vinasfm.com\/noticias\/wp-json\/wp\/v2\/media\/59452"}],"wp:attachment":[{"href":"https:\/\/vinasfm.com\/noticias\/wp-json\/wp\/v2\/media?parent=59451"}],"wp:term":[{"taxonomy":"category","embeddable":true,"href":"https:\/\/vinasfm.com\/noticias\/wp-json\/wp\/v2\/categories?post=59451"},{"taxonomy":"post_tag","embeddable":true,"href":"https:\/\/vinasfm.com\/noticias\/wp-json\/wp\/v2\/tags?post=59451"}],"curies":[{"name":"wp","href":"https:\/\/api.w.org\/{rel}","templated":true}]}}