{"id":59387,"date":"2019-10-03T08:49:28","date_gmt":"2019-10-03T11:49:28","guid":{"rendered":"http:\/\/vinasfm.com\/noticias\/?p=59387"},"modified":"2019-10-04T09:06:57","modified_gmt":"2019-10-04T12:06:57","slug":"detuvieron-a-dos-malvivientes-luego-de-perpetrar-dos-robos-en-calle-10","status":"publish","type":"post","link":"https:\/\/vinasfm.com\/noticias\/detuvieron-a-dos-malvivientes-luego-de-perpetrar-dos-robos-en-calle-10\/","title":{"rendered":"DETUVIERON A DOS MALVIVIENTES LUEGO DE PERPETRAR DOS ROBOS EN CALLE 10"},"content":{"rendered":"<h4><strong>En horas de la ma\u00f1ana de este mi\u00e9rcoles dos malvivientes<\/strong><strong> perpetraron el robo de una motocicleta en la que se desplazaron para consumar otro il\u00edcito en una vivienda de calle 10. Fueron aprehendidos y est\u00e1n a disposici\u00f3n de la Justicia.<\/strong><\/h4>\n<p>Seg\u00fan indic\u00f3 la informaci\u00f3n oficial, <strong>cerca de las 09:30h el d\u00eda de ayer<\/strong> un ciudadano se comunic\u00f3 con al 911 inform\u00e1ndoles sobre un hecho delictivo que <strong>dos personas de sexo masculino hab\u00edan consumado en el interior de su vivienda momentos antes de que arribara a su domicilio<\/strong>. La v\u00edctima denunci\u00f3 que <strong>vio a los dos delincuentes huir con varios elementos de valor<\/strong> del interior de la vivienda dejando abandonada <strong>una moto 110cc<\/strong> en la que se desplazaban.<\/p>\n<p><strong>Personal policial se desplaz\u00f3 hasta el lugar<\/strong> y tras realizar un rastrillaje por las inmediaciones <strong>dio con los autores del hecho<\/strong>, <strong>uno mayor<\/strong> y <strong>otro menor de edad<\/strong>. <strong>El rodado<\/strong> fue secuestrado y luego de varias investigaciones se constat\u00f3 que <strong>hab\u00eda sido robado cerca de las 07:00h<\/strong> de una <strong>vivienda ubicada en calle 10 y D<\/strong>.<\/p>\n<p>Ambos se encuentran alojados en Comisar\u00eda 14\u00b0 a disposici\u00f3n de la justicia que instruye la causa caratulada como \u201c<strong>Hurto Agravado<\/strong>\u201d.<\/p>\n<p><em>F.B. (F.M. Vi\u00f1as).<\/em><\/p>\n","protected":false},"excerpt":{"rendered":"<p>En horas de la ma\u00f1ana de este mi\u00e9rcoles dos malvivientes perpetraron el robo de una motocicleta en la que se desplazaron &#8230;<\/p>\n","protected":false},"author":8,"featured_media":55306,"comment_status":"open","ping_status":"open","sticky":false,"template":"","format":"standard","meta":{"footnotes":""},"categories":[5,4],"tags":[],"class_list":["post-59387","post","type-post","status-publish","format-standard","has-post-thumbnail","hentry","category-actualidad","category-policiales"],"_links":{"self":[{"href":"https:\/\/vinasfm.com\/noticias\/wp-json\/wp\/v2\/posts\/59387","targetHints":{"allow":["GET"]}}],"collection":[{"href":"https:\/\/vinasfm.com\/noticias\/wp-json\/wp\/v2\/posts"}],"about":[{"href":"https:\/\/vinasfm.com\/noticias\/wp-json\/wp\/v2\/types\/post"}],"author":[{"embeddable":true,"href":"https:\/\/vinasfm.com\/noticias\/wp-json\/wp\/v2\/users\/8"}],"replies":[{"embeddable":true,"href":"https:\/\/vinasfm.com\/noticias\/wp-json\/wp\/v2\/comments?post=59387"}],"version-history":[{"count":1,"href":"https:\/\/vinasfm.com\/noticias\/wp-json\/wp\/v2\/posts\/59387\/revisions"}],"predecessor-version":[{"id":59391,"href":"https:\/\/vinasfm.com\/noticias\/wp-json\/wp\/v2\/posts\/59387\/revisions\/59391"}],"wp:featuredmedia":[{"embeddable":true,"href":"https:\/\/vinasfm.com\/noticias\/wp-json\/wp\/v2\/media\/55306"}],"wp:attachment":[{"href":"https:\/\/vinasfm.com\/noticias\/wp-json\/wp\/v2\/media?parent=59387"}],"wp:term":[{"taxonomy":"category","embeddable":true,"href":"https:\/\/vinasfm.com\/noticias\/wp-json\/wp\/v2\/categories?post=59387"},{"taxonomy":"post_tag","embeddable":true,"href":"https:\/\/vinasfm.com\/noticias\/wp-json\/wp\/v2\/tags?post=59387"}],"curies":[{"name":"wp","href":"https:\/\/api.w.org\/{rel}","templated":true}]}}