{"id":59372,"date":"2019-10-04T08:30:59","date_gmt":"2019-10-04T11:30:59","guid":{"rendered":"http:\/\/vinasfm.com\/noticias\/?p=59372"},"modified":"2019-10-05T10:31:00","modified_gmt":"2019-10-05T13:31:00","slug":"este-viernes-el-intendente-marcolini-presenta-el-plan-estrategico-2-030","status":"publish","type":"post","link":"https:\/\/vinasfm.com\/noticias\/este-viernes-el-intendente-marcolini-presenta-el-plan-estrategico-2-030\/","title":{"rendered":"ESTE VIERNES EL INTENDENTE MARCOLINI PRESENTA EL PLAN ESTRAT\u00c9GICO 2.030"},"content":{"rendered":"<h4><strong>El d\u00eda viernes 4 de Octubre a las 19:00h en el Multiespacio Cultural Bodega Fara\u00f3n se realizar\u00e1 la presentaci\u00f3n del Plan Estrat\u00e9gico \u2018General Alvear 2030\u2019 <\/strong><strong>para lo cual el ejecutivo municipal ha cursado invitaciones a distintas instituciones y fuerzas vivas del Departamento.<\/strong><\/h4>\n<p><em>\u201cEl Plan Estrat\u00e9gico supone la gran hoja de ruta del General Alvear que queremos dentro de 10, 20 y 30 a\u00f1os, supone generar espacios de discusi\u00f3n desde el punto de vista del crecimiento departamental. Debemos iniciar una discusi\u00f3n entre el sector P\u00fablico y el Privado y distintas representaciones de la Sociedad Civil por eso invitamos a todas las instituciones comprometidas para la participaci\u00f3n. El Plan supone un trabajo exhaustivo con grandes expertos de la ciudad de Buenos Aires y todo el Gabinete Municipal con la direcci\u00f3n del Intendente\u201d<\/em> coment\u00f3<strong> Carina Lucero<\/strong>,<strong> Secretaria General de la Intendencia.<\/strong><\/p>\n<p>A lo dicho anteriormente, agreg\u00f3<em>: \u201cEste primer encuentro estar\u00e1 marcado por un bosquejo de los lineamientos que han marcado los primeros cuatro a\u00f1os de esta gesti\u00f3n y que ser\u00e1n puestos a discusi\u00f3n en base a distintos ejes. Para el abordaje completo de todos los ejes han sido convocadas distintas fuerzas pol\u00edticas con presencia en el Departamento, legisladores, concejales, ex intendentes, as\u00ed como tambi\u00e9n instituciones intermedias, empresariales, educativas, deportivas\u201d.<\/em><\/p>\n<p><a href=\"http:\/\/vinasfm.com\/noticias\/wp-content\/uploads\/2019\/10\/Plan-estrat\u00e9gico.jpeg\"><img loading=\"lazy\" decoding=\"async\" class=\" wp-image-59373 aligncenter\" src=\"http:\/\/vinasfm.com\/noticias\/wp-content\/uploads\/2019\/10\/Plan-estrat\u00e9gico-300x300.jpeg\" alt=\"\" width=\"613\" height=\"613\" srcset=\"https:\/\/vinasfm.com\/noticias\/wp-content\/uploads\/2019\/10\/Plan-estrat\u00e9gico-300x300.jpeg 300w, https:\/\/vinasfm.com\/noticias\/wp-content\/uploads\/2019\/10\/Plan-estrat\u00e9gico-150x150.jpeg 150w, https:\/\/vinasfm.com\/noticias\/wp-content\/uploads\/2019\/10\/Plan-estrat\u00e9gico-768x769.jpeg 768w, https:\/\/vinasfm.com\/noticias\/wp-content\/uploads\/2019\/10\/Plan-estrat\u00e9gico-1024x1024.jpeg 1024w, https:\/\/vinasfm.com\/noticias\/wp-content\/uploads\/2019\/10\/Plan-estrat\u00e9gico-360x360.jpeg 360w, https:\/\/vinasfm.com\/noticias\/wp-content\/uploads\/2019\/10\/Plan-estrat\u00e9gico-750x750.jpeg 750w, https:\/\/vinasfm.com\/noticias\/wp-content\/uploads\/2019\/10\/Plan-estrat\u00e9gico.jpeg 1204w\" sizes=\"auto, (max-width: 613px) 100vw, 613px\" \/><\/a><\/p>\n<h5>R.B (F.M. Vi\u00f1as).<\/h5>\n<p>&nbsp;<\/p>\n<p>&nbsp;<\/p>\n<p>&nbsp;<\/p>\n<p>&nbsp;<\/p>\n","protected":false},"excerpt":{"rendered":"<p>El d\u00eda viernes 4 de Octubre a las 19:00h en el Multiespacio Cultural Bodega Fara\u00f3n se realizar\u00e1 la presentaci\u00f3n del Plan &#8230;<\/p>\n","protected":false},"author":8,"featured_media":53120,"comment_status":"open","ping_status":"open","sticky":false,"template":"","format":"standard","meta":{"footnotes":""},"categories":[1],"tags":[],"class_list":["post-59372","post","type-post","status-publish","format-standard","has-post-thumbnail","hentry","category-fmvinas"],"_links":{"self":[{"href":"https:\/\/vinasfm.com\/noticias\/wp-json\/wp\/v2\/posts\/59372","targetHints":{"allow":["GET"]}}],"collection":[{"href":"https:\/\/vinasfm.com\/noticias\/wp-json\/wp\/v2\/posts"}],"about":[{"href":"https:\/\/vinasfm.com\/noticias\/wp-json\/wp\/v2\/types\/post"}],"author":[{"embeddable":true,"href":"https:\/\/vinasfm.com\/noticias\/wp-json\/wp\/v2\/users\/8"}],"replies":[{"embeddable":true,"href":"https:\/\/vinasfm.com\/noticias\/wp-json\/wp\/v2\/comments?post=59372"}],"version-history":[{"count":1,"href":"https:\/\/vinasfm.com\/noticias\/wp-json\/wp\/v2\/posts\/59372\/revisions"}],"predecessor-version":[{"id":59474,"href":"https:\/\/vinasfm.com\/noticias\/wp-json\/wp\/v2\/posts\/59372\/revisions\/59474"}],"wp:featuredmedia":[{"embeddable":true,"href":"https:\/\/vinasfm.com\/noticias\/wp-json\/wp\/v2\/media\/53120"}],"wp:attachment":[{"href":"https:\/\/vinasfm.com\/noticias\/wp-json\/wp\/v2\/media?parent=59372"}],"wp:term":[{"taxonomy":"category","embeddable":true,"href":"https:\/\/vinasfm.com\/noticias\/wp-json\/wp\/v2\/categories?post=59372"},{"taxonomy":"post_tag","embeddable":true,"href":"https:\/\/vinasfm.com\/noticias\/wp-json\/wp\/v2\/tags?post=59372"}],"curies":[{"name":"wp","href":"https:\/\/api.w.org\/{rel}","templated":true}]}}