{"id":59345,"date":"2019-10-02T13:01:34","date_gmt":"2019-10-02T16:01:34","guid":{"rendered":"http:\/\/vinasfm.com\/noticias\/?p=59345"},"modified":"2019-10-04T09:05:25","modified_gmt":"2019-10-04T12:05:25","slug":"luego-de-reves-sufrido-por-el-pj-en-las-elecciones-nestor-otero-confirmo-que-militaran-por-la-instancia-nacional","status":"publish","type":"post","link":"https:\/\/vinasfm.com\/noticias\/luego-de-reves-sufrido-por-el-pj-en-las-elecciones-nestor-otero-confirmo-que-militaran-por-la-instancia-nacional\/","title":{"rendered":"LUEGO DE REV\u00c9S SUFRIDO POR EL PJ EN LAS ELECCIONES, N\u00c9STOR OTERO CONFIRM\u00d3 QUE MILITAR\u00c1N POR LA INSTANCIA NACIONAL"},"content":{"rendered":"<h4><strong>El pasado domingo el Justicialismo recibi\u00f3 un duro golpe en las Elecciones en las que se decid\u00eda el pr\u00f3ximo gobernador, intendente y legisladores provinciales. El Frente Cambia Mendoza-UCR avasall\u00f3 en las urnas logrando que la sociedad mendocina ratificara al oficialismo y le diera la posibilidad de continuar administrando por cuatro a\u00f1os m\u00e1s.<\/strong><\/h4>\n<p><strong>N\u00e9stor Otero<\/strong>, <strong>presidente del PJ en Gral. Alvear<\/strong>, analiz\u00f3 las elecciones a nivel local que posicionaron como intendente por un periodo m\u00e1s a <strong>Walther Marcolini<\/strong> con el <strong>55,69%<\/strong> de los votos (<strong><em>15.742<\/em><\/strong>) frente al <strong>44,31%<\/strong> (<strong><em>12.525<\/em><\/strong>) que consigui\u00f3 el candidato justicialista <strong>Cristian Gonz\u00e1lez<\/strong>.<\/p>\n<p>\u201c<em>Desde el PJ ped\u00edamos por la unidad en general. <strong>Si hacemos un an\u00e1lisis fino Myrna Osorio, Claudio Rodr\u00edguez y Cristian Gonz\u00e1lez lograron reunir todos los votos en las PASO y eso habla de la claridad del Justicialismo<\/strong>, de la unidad de todos\u201d, <\/em>expres\u00f3 Otero.<\/p>\n<p><em>\u00a0<\/em>Respecto a la campa\u00f1a, se\u00f1al\u00f3 que desde el justicialismo<em> \u201c<strong>intent\u00e1bamos hablarles a los vecinos acerca de la crisis que est\u00e1 viviendo el pa\u00eds y respetamos la decisi\u00f3n tomada por la gente<\/strong>. Creemos que General Alvear y toda la provincia est\u00e1n modificando la pol\u00edtica que est\u00e1 devastada, est\u00e1n generando un civismo. <strong>Reconocemos desde el PJ que el pueblo no se equivoca<\/strong> por lo que quedamos muy conforme con el resultado de las elecciones y <strong>estamos trabajando en un convocatoria para todos los vecinos y militantes para trabajar en la Elecci\u00f3n Nacional<\/strong><\/em>\u201d.<\/p>\n<p><img loading=\"lazy\" decoding=\"async\" class=\" wp-image-59359 aligncenter\" src=\"http:\/\/vinasfm.com\/noticias\/wp-content\/uploads\/2019\/10\/71214215_2461339640639873_8455132546584281088_n-300x205.png\" alt=\"\" width=\"481\" height=\"329\" srcset=\"https:\/\/vinasfm.com\/noticias\/wp-content\/uploads\/2019\/10\/71214215_2461339640639873_8455132546584281088_n-300x205.png 300w, https:\/\/vinasfm.com\/noticias\/wp-content\/uploads\/2019\/10\/71214215_2461339640639873_8455132546584281088_n.png 513w\" sizes=\"auto, (max-width: 481px) 100vw, 481px\" \/><\/p>\n<p>Finalmente el presidente puntualiz\u00f3:<em> \u201cE<strong>l PJ sabe que las cosas a nivel nacional no est\u00e1n muy bien<\/strong> pero para cambiar la realizada debemos hacerlo mediante el aporte de votos. Hay que entender que en Alvear era solo un balotaje porque solo hab\u00eda 2 candidatos. <strong>Alvear vot\u00f3 pensando en lo mejor a nivel departamental y provincial pero fue injusto porque a nivel provincial hab\u00eda 4 fuerzas y ac\u00e1 solo 2<\/strong> y <strong>por eso votaron como lo hicieron<\/strong>. <strong>Fuimos capaces de juntar a todo el peronismo por eso hicimos una gran elecci\u00f3n<\/strong>\u201d.<\/em><\/p>\n<p><img loading=\"lazy\" decoding=\"async\" class=\" wp-image-59360 aligncenter\" src=\"http:\/\/vinasfm.com\/noticias\/wp-content\/uploads\/2019\/10\/gobernador-300x155.png\" alt=\"\" width=\"492\" height=\"254\" srcset=\"https:\/\/vinasfm.com\/noticias\/wp-content\/uploads\/2019\/10\/gobernador-300x155.png 300w, https:\/\/vinasfm.com\/noticias\/wp-content\/uploads\/2019\/10\/gobernador.png 672w\" sizes=\"auto, (max-width: 492px) 100vw, 492px\" \/><\/p>\n<h5><em>\u2022Fernando Burett\/ Rosario Bravo (F.M. Vi\u00f1as).<\/em><\/h5>\n","protected":false},"excerpt":{"rendered":"<p>El pasado domingo el Justicialismo recibi\u00f3 un duro golpe en las Elecciones en las que se decid\u00eda el pr\u00f3ximo gobernador, intendente &#8230;<\/p>\n","protected":false},"author":8,"featured_media":59366,"comment_status":"open","ping_status":"open","sticky":false,"template":"","format":"standard","meta":{"footnotes":""},"categories":[5,7],"tags":[],"class_list":["post-59345","post","type-post","status-publish","format-standard","has-post-thumbnail","hentry","category-actualidad","category-politica"],"_links":{"self":[{"href":"https:\/\/vinasfm.com\/noticias\/wp-json\/wp\/v2\/posts\/59345","targetHints":{"allow":["GET"]}}],"collection":[{"href":"https:\/\/vinasfm.com\/noticias\/wp-json\/wp\/v2\/posts"}],"about":[{"href":"https:\/\/vinasfm.com\/noticias\/wp-json\/wp\/v2\/types\/post"}],"author":[{"embeddable":true,"href":"https:\/\/vinasfm.com\/noticias\/wp-json\/wp\/v2\/users\/8"}],"replies":[{"embeddable":true,"href":"https:\/\/vinasfm.com\/noticias\/wp-json\/wp\/v2\/comments?post=59345"}],"version-history":[{"count":1,"href":"https:\/\/vinasfm.com\/noticias\/wp-json\/wp\/v2\/posts\/59345\/revisions"}],"predecessor-version":[{"id":59424,"href":"https:\/\/vinasfm.com\/noticias\/wp-json\/wp\/v2\/posts\/59345\/revisions\/59424"}],"wp:featuredmedia":[{"embeddable":true,"href":"https:\/\/vinasfm.com\/noticias\/wp-json\/wp\/v2\/media\/59366"}],"wp:attachment":[{"href":"https:\/\/vinasfm.com\/noticias\/wp-json\/wp\/v2\/media?parent=59345"}],"wp:term":[{"taxonomy":"category","embeddable":true,"href":"https:\/\/vinasfm.com\/noticias\/wp-json\/wp\/v2\/categories?post=59345"},{"taxonomy":"post_tag","embeddable":true,"href":"https:\/\/vinasfm.com\/noticias\/wp-json\/wp\/v2\/tags?post=59345"}],"curies":[{"name":"wp","href":"https:\/\/api.w.org\/{rel}","templated":true}]}}