{"id":59343,"date":"2019-10-02T10:30:39","date_gmt":"2019-10-02T13:30:39","guid":{"rendered":"http:\/\/vinasfm.com\/noticias\/?p=59343"},"modified":"2019-10-02T12:28:44","modified_gmt":"2019-10-02T15:28:44","slug":"dos-vehiculos-impactaron-frente-al-club-10-de-septiembre","status":"publish","type":"post","link":"https:\/\/vinasfm.com\/noticias\/dos-vehiculos-impactaron-frente-al-club-10-de-septiembre\/","title":{"rendered":"DOS VEH\u00cdCULOS IMPACTARON FRENTE AL CLUB 10 DE SEPTIEMBRE"},"content":{"rendered":"<h4><strong>En horas de la ma\u00f1ana de este mi\u00e9rcoles dos veh\u00edculos colisionaron en la intersecci\u00f3n de calles Chapearrouge y Santa Fe de Ciudad, frente al Club 10 de Septiembre. <\/strong><\/h4>\n<p>Cerca de las <strong>07:55h del d\u00eda de hoy<\/strong>, un veh\u00edculo marca Fiat Toro (conducido por un hombre 58 a\u00f1os), que se desplazaba por calle Santa Fe de este a oeste y un Peugeot 405 (al mando de un ciudadano de 48 a\u00f1os), que circulaba de sur a norte por Chapearrouge, impactaron en la mencionada intersecci\u00f3n por causas que se tratan de establecer.<\/p>\n<p>Producto del impacto el conductor del Peugeot 405 revest\u00eda <em><strong>politraumatismos leves<\/strong><\/em> por lo que fue trasladado al <strong>Hospital \u201cEnfermeros Argentinos\u201d<\/strong> para su asistencia, mientras que el otro protagonista del siniestro result\u00f3 ileso.<\/p>\n<p>En el lugar del hecho trabaj\u00f3 polic\u00eda Cient\u00edfica y personal de Comisar\u00eda 14\u00b0. Se labraron actuaciones bajo instrucci\u00f3n de la Unidad Fiscal de Gral. Alvear.<\/p>\n<h5><em>F.B. (F.M. Vi\u00f1as).<\/em><\/h5>\n","protected":false},"excerpt":{"rendered":"<p>En horas de la ma\u00f1ana de este mi\u00e9rcoles dos veh\u00edculos colisionaron en la intersecci\u00f3n de calles Chapearrouge y Santa Fe de &#8230;<\/p>\n","protected":false},"author":8,"featured_media":45224,"comment_status":"open","ping_status":"open","sticky":false,"template":"","format":"standard","meta":{"footnotes":""},"categories":[5,4],"tags":[],"class_list":["post-59343","post","type-post","status-publish","format-standard","has-post-thumbnail","hentry","category-actualidad","category-policiales"],"_links":{"self":[{"href":"https:\/\/vinasfm.com\/noticias\/wp-json\/wp\/v2\/posts\/59343","targetHints":{"allow":["GET"]}}],"collection":[{"href":"https:\/\/vinasfm.com\/noticias\/wp-json\/wp\/v2\/posts"}],"about":[{"href":"https:\/\/vinasfm.com\/noticias\/wp-json\/wp\/v2\/types\/post"}],"author":[{"embeddable":true,"href":"https:\/\/vinasfm.com\/noticias\/wp-json\/wp\/v2\/users\/8"}],"replies":[{"embeddable":true,"href":"https:\/\/vinasfm.com\/noticias\/wp-json\/wp\/v2\/comments?post=59343"}],"version-history":[{"count":2,"href":"https:\/\/vinasfm.com\/noticias\/wp-json\/wp\/v2\/posts\/59343\/revisions"}],"predecessor-version":[{"id":59357,"href":"https:\/\/vinasfm.com\/noticias\/wp-json\/wp\/v2\/posts\/59343\/revisions\/59357"}],"wp:featuredmedia":[{"embeddable":true,"href":"https:\/\/vinasfm.com\/noticias\/wp-json\/wp\/v2\/media\/45224"}],"wp:attachment":[{"href":"https:\/\/vinasfm.com\/noticias\/wp-json\/wp\/v2\/media?parent=59343"}],"wp:term":[{"taxonomy":"category","embeddable":true,"href":"https:\/\/vinasfm.com\/noticias\/wp-json\/wp\/v2\/categories?post=59343"},{"taxonomy":"post_tag","embeddable":true,"href":"https:\/\/vinasfm.com\/noticias\/wp-json\/wp\/v2\/tags?post=59343"}],"curies":[{"name":"wp","href":"https:\/\/api.w.org\/{rel}","templated":true}]}}