{"id":59336,"date":"2019-10-02T12:00:55","date_gmt":"2019-10-02T15:00:55","guid":{"rendered":"http:\/\/vinasfm.com\/noticias\/?p=59336"},"modified":"2019-10-03T10:03:26","modified_gmt":"2019-10-03T13:03:26","slug":"video-una-mama-denuncio-que-la-policia-detuvo-y-maltrato-a-su-hijo-de-10-anos-en-comisaria-14","status":"publish","type":"post","link":"https:\/\/vinasfm.com\/noticias\/video-una-mama-denuncio-que-la-policia-detuvo-y-maltrato-a-su-hijo-de-10-anos-en-comisaria-14\/","title":{"rendered":"VIDEO: UNA MAM\u00c1 DENUNCI\u00d3 QUE LA POLIC\u00cdA DETUVO Y MALTRAT\u00d3 A SU HIJO DE 10 A\u00d1OS EN COMISAR\u00cdA 14\u00b0"},"content":{"rendered":"<h4><strong>Una madre<\/strong>\u00a0<strong>denunci\u00f3 que su hijo de 10 a\u00f1os fue detenido<\/strong>\u00a0<strong>y maltratado en nuestro departamento.<\/strong><\/h4>\n<p>Se\u00a0<strong>viraliz\u00f3 un video del hecho<\/strong>\u00a0ocurrido el martes en la dependencia policial.<\/p>\n<p>La Unidad Fiscal de San Rafael\u00a0<strong>tom\u00f3 la denuncia de la progenitora<\/strong>, quien asegur\u00f3 que no quisieron escucharla en el lugar del hecho.<\/p>\n<p>En sede penal\u00a0<strong>se investiga si hubo maltrato policial<\/strong>. En paralelo se abri\u00f3 un expediente administrativo en la Inspecci\u00f3n General de Seguridad para determinar si fue un polic\u00eda quien film\u00f3 y viraliz\u00f3 el video.<\/p>\n<p>El <strong>Equipo T\u00e9cnico Interdisciplinario<\/strong> (<strong>ETI<\/strong>) interviene para saber si hayque aplicar medidas tutelares.<\/p>\n<p><iframe loading=\"lazy\" title=\"La Polic\u00eda detuvo a un nene de 10 a\u00f1os\" width=\"1140\" height=\"641\" src=\"https:\/\/www.youtube.com\/embed\/50iPWUDgq9g?feature=oembed\" frameborder=\"0\" allow=\"accelerometer; autoplay; encrypted-media; gyroscope; picture-in-picture\" allowfullscreen><\/iframe><\/p>\n<h5><em>F.B. (F.M. Vi\u00f1as).<\/em><\/h5>\n<h5><\/h5>\n","protected":false},"excerpt":{"rendered":"<p>Una madre\u00a0denunci\u00f3 que su hijo de 10 a\u00f1os fue detenido\u00a0y maltratado en nuestro departamento. Se\u00a0viraliz\u00f3 un video del hecho\u00a0ocurrido el martes &#8230;<\/p>\n","protected":false},"author":8,"featured_media":59341,"comment_status":"open","ping_status":"open","sticky":false,"template":"","format":"standard","meta":{"footnotes":""},"categories":[5,4],"tags":[],"class_list":["post-59336","post","type-post","status-publish","format-standard","has-post-thumbnail","hentry","category-actualidad","category-policiales"],"_links":{"self":[{"href":"https:\/\/vinasfm.com\/noticias\/wp-json\/wp\/v2\/posts\/59336","targetHints":{"allow":["GET"]}}],"collection":[{"href":"https:\/\/vinasfm.com\/noticias\/wp-json\/wp\/v2\/posts"}],"about":[{"href":"https:\/\/vinasfm.com\/noticias\/wp-json\/wp\/v2\/types\/post"}],"author":[{"embeddable":true,"href":"https:\/\/vinasfm.com\/noticias\/wp-json\/wp\/v2\/users\/8"}],"replies":[{"embeddable":true,"href":"https:\/\/vinasfm.com\/noticias\/wp-json\/wp\/v2\/comments?post=59336"}],"version-history":[{"count":1,"href":"https:\/\/vinasfm.com\/noticias\/wp-json\/wp\/v2\/posts\/59336\/revisions"}],"predecessor-version":[{"id":59346,"href":"https:\/\/vinasfm.com\/noticias\/wp-json\/wp\/v2\/posts\/59336\/revisions\/59346"}],"wp:featuredmedia":[{"embeddable":true,"href":"https:\/\/vinasfm.com\/noticias\/wp-json\/wp\/v2\/media\/59341"}],"wp:attachment":[{"href":"https:\/\/vinasfm.com\/noticias\/wp-json\/wp\/v2\/media?parent=59336"}],"wp:term":[{"taxonomy":"category","embeddable":true,"href":"https:\/\/vinasfm.com\/noticias\/wp-json\/wp\/v2\/categories?post=59336"},{"taxonomy":"post_tag","embeddable":true,"href":"https:\/\/vinasfm.com\/noticias\/wp-json\/wp\/v2\/tags?post=59336"}],"curies":[{"name":"wp","href":"https:\/\/api.w.org\/{rel}","templated":true}]}}