{"id":59334,"date":"2019-10-02T08:30:08","date_gmt":"2019-10-02T11:30:08","guid":{"rendered":"http:\/\/vinasfm.com\/noticias\/?p=59334"},"modified":"2019-10-02T10:12:06","modified_gmt":"2019-10-02T13:12:06","slug":"como-pagaran-el-82-del-salario-minimo-a-jubilados","status":"publish","type":"post","link":"https:\/\/vinasfm.com\/noticias\/como-pagaran-el-82-del-salario-minimo-a-jubilados\/","title":{"rendered":"C\u00d3MO PAGAR\u00c1N EL 82% DEL SALARIO M\u00cdNIMO A JUBILADOS"},"content":{"rendered":"<h4><strong>La ANSES abonar\u00e1 durante octubre y noviembre el suplemento establecido en el art\u00edculo 125 bis de la Ley 24.241 para alcanzar un haber equivalente al 82% del Salario M\u00ednimo, Vital y M\u00f3vil.<\/strong><\/h4>\n<p>En el marco de la <strong>Ley 27.426<\/strong> de <strong>Reforma Previsional<\/strong>, la\u00a0<strong>ANSES<\/strong> abonar\u00e1 durante octubre y noviembre el suplemento establecido en el art\u00edculo 125 bis de la Ley 24.241 para <strong>alcanzar un haber equivalente al 82% del Salario M\u00ednimo, Vital y M\u00f3vil<\/strong>.<\/p>\n<p>En el caso de los beneficiarios que perciben el haber m\u00ednimo vigente, que hoy es de $12.937,22, el suplemento dinerario resultar\u00e1 de\u00a0<strong>$900,28.\u00a0Por tanto, el haber m\u00ednimo para m\u00e1s de 1.100.000 personas durante dichos meses ser\u00e1 de $13.837,50.<\/strong><\/p>\n<p>Esta medida incluye a quienes se hayan jubilado bajo la <strong>Ley N\u00ba 24.241<\/strong> que acrediten 30 a\u00f1os o m\u00e1s de servicios con aportes, incluidos los beneficios de <strong>Retiro Transitorio por Invalidez<\/strong> con aportes regulares; a aquellos que est\u00e9n comprendidos en reg\u00edmenes nacionales generales anteriores a dicha ley; a los beneficios correspondientes a las ex cajas o institutos provinciales o municipales de previsi\u00f3n que fueron transferidos al Estado Nacional; a reg\u00edmenes diferenciales o insalubres; a las pensiones directas o derivadas de los beneficios mencionados precedentemente; a las jubilaciones otorgadas por el <strong>R\u00e9gimen Previsional Especial para ex Soldados Combatientes de la Guerra de Malvinas<\/strong> Ley N\u00b0 27.329 y a las <strong>Pensiones Honor\u00edficas de Veteranos de la Guerra del Atl\u00e1ntico Sur<\/strong> creadas por la <strong>Ley N\u00b0 23.848<\/strong>.<\/p>\n<p>Quedan excluidos de esta medida los beneficiarios que hubiesen accedido al beneficio a trav\u00e9s de las moratorias previsionales.<\/p>\n<p><em>F.B. (F.M. Vi\u00f1as).<\/em><\/p>\n","protected":false},"excerpt":{"rendered":"<p>La ANSES abonar\u00e1 durante octubre y noviembre el suplemento establecido en el art\u00edculo 125 bis de la Ley 24.241 para alcanzar &#8230;<\/p>\n","protected":false},"author":8,"featured_media":36358,"comment_status":"open","ping_status":"open","sticky":false,"template":"","format":"standard","meta":{"footnotes":""},"categories":[5,16],"tags":[],"class_list":["post-59334","post","type-post","status-publish","format-standard","has-post-thumbnail","hentry","category-actualidad","category-economia"],"_links":{"self":[{"href":"https:\/\/vinasfm.com\/noticias\/wp-json\/wp\/v2\/posts\/59334","targetHints":{"allow":["GET"]}}],"collection":[{"href":"https:\/\/vinasfm.com\/noticias\/wp-json\/wp\/v2\/posts"}],"about":[{"href":"https:\/\/vinasfm.com\/noticias\/wp-json\/wp\/v2\/types\/post"}],"author":[{"embeddable":true,"href":"https:\/\/vinasfm.com\/noticias\/wp-json\/wp\/v2\/users\/8"}],"replies":[{"embeddable":true,"href":"https:\/\/vinasfm.com\/noticias\/wp-json\/wp\/v2\/comments?post=59334"}],"version-history":[{"count":1,"href":"https:\/\/vinasfm.com\/noticias\/wp-json\/wp\/v2\/posts\/59334\/revisions"}],"predecessor-version":[{"id":59335,"href":"https:\/\/vinasfm.com\/noticias\/wp-json\/wp\/v2\/posts\/59334\/revisions\/59335"}],"wp:featuredmedia":[{"embeddable":true,"href":"https:\/\/vinasfm.com\/noticias\/wp-json\/wp\/v2\/media\/36358"}],"wp:attachment":[{"href":"https:\/\/vinasfm.com\/noticias\/wp-json\/wp\/v2\/media?parent=59334"}],"wp:term":[{"taxonomy":"category","embeddable":true,"href":"https:\/\/vinasfm.com\/noticias\/wp-json\/wp\/v2\/categories?post=59334"},{"taxonomy":"post_tag","embeddable":true,"href":"https:\/\/vinasfm.com\/noticias\/wp-json\/wp\/v2\/tags?post=59334"}],"curies":[{"name":"wp","href":"https:\/\/api.w.org\/{rel}","templated":true}]}}